{"id":31663,"date":"2020-11-04T11:10:48","date_gmt":"2020-11-04T14:10:48","guid":{"rendered":"https:\/\/www.radioamigavallenar.cl\/?p=31663"},"modified":"2020-11-04T11:10:48","modified_gmt":"2020-11-04T14:10:48","slug":"seremi-del-deporte-guillermo-procuriza-informa-las-medidas-que-se-deben-tomar-al-realiza-actividad-fisica-en-fase-3","status":"publish","type":"post","link":"https:\/\/www.radioamigavallenar.cl\/?p=31663","title":{"rendered":"Seremi del Deporte, Guillermo Procuriza informa Las medidas que se deben tomar al realiza actividad f\u00edsica en Fase 3"},"content":{"rendered":"<p><strong>El Ministerio del Deporte e Instituto Nacional de Deportes han entregado una serie de recomendaciones para la pr\u00e1ctica deportiva responsable y segura en esta nueva fase.<\/strong><span id=\"more-224201\"><\/span><\/p>\n<p>&nbsp;<\/p>\n<p>Desde este jueves 5 de\u00a0noviembre, las comunas de Copiap\u00f3, Vallenar y Tierra Amarilla avanzan a Fase 3 de Preparaci\u00f3n del Plan \u201cPaso a Paso\u201d implementado por el gobierno como una estrategia gradual para enfrentar la pandemia del nuevo coronavirus COVID-19 en nuestro pa\u00eds.<\/p>\n<p>As\u00ed lo inform\u00f3 el Seremi del Deporte, Guillermo Procuriza, quien se\u00f1al\u00f3 que en Fase 3 hay mayores libertades de movimiento y finalizan las cuarentenas los fines de semana, pero igualmente se deben mantener las medidas de autocuidado para impedir la propagaci\u00f3n del coronavirus.<\/p>\n<p>En este sentido, la Fase de Preparaci\u00f3n tambi\u00e9n incluye medidas en relaci\u00f3n a la pr\u00e1ctica de actividad f\u00edsica y deporte que deben mantenerse, seg\u00fan detall\u00f3 el Secretario Regional Ministerial: \u201cLas actividades que sean de naturaleza colectiva podr\u00e1n concentrar un m\u00e1ximo de 5 personas en lugares cerrados y 25 en lugares abiertos. A\u00fan no est\u00e1n permitidos los espectadores, el uso de camarines ni espacios comunes\u201d.<\/p>\n<p>Guillermo\u00a0\u00a0Procuriza indic\u00f3 que al levantarse la Cuarentena el fin de semana, \u201cse puede realizar actividad f\u00edsica al aire libre todos los d\u00edas de la semana. El uso de mascarilla sigue vigente en el traslado, salvo al momento de realizar la actividad. Si van a entrenar en parques o plazas, h\u00e1ganlo en forma individual, no usen los bebederos ni el mobiliario p\u00fablico. Y, por \u00faltimo, los gimnasios deben mantener sus puertas cerradas hasta que la comuna pase a fase 4\u201d.<\/p>\n","protected":false},"excerpt":{"rendered":"<p>El Ministerio del Deporte e Instituto Nacional de Deportes han entregado una serie de recomendaciones para la pr\u00e1ctica deportiva responsable y segura en esta nueva&hellip; <\/p>\n","protected":false},"author":2,"featured_media":31664,"comment_status":"open","ping_status":"closed","sticky":false,"template":"","format":"standard","meta":{"footnotes":""},"categories":[8,38],"tags":[],"class_list":["post-31663","post","type-post","status-publish","format-standard","has-post-thumbnail","hentry","category-deportes","category-portada-regional"],"_links":{"self":[{"href":"https:\/\/www.radioamigavallenar.cl\/index.php?rest_route=\/wp\/v2\/posts\/31663","targetHints":{"allow":["GET"]}}],"collection":[{"href":"https:\/\/www.radioamigavallenar.cl\/index.php?rest_route=\/wp\/v2\/posts"}],"about":[{"href":"https:\/\/www.radioamigavallenar.cl\/index.php?rest_route=\/wp\/v2\/types\/post"}],"author":[{"embeddable":true,"href":"https:\/\/www.radioamigavallenar.cl\/index.php?rest_route=\/wp\/v2\/users\/2"}],"replies":[{"embeddable":true,"href":"https:\/\/www.radioamigavallenar.cl\/index.php?rest_route=%2Fwp%2Fv2%2Fcomments&post=31663"}],"version-history":[{"count":1,"href":"https:\/\/www.radioamigavallenar.cl\/index.php?rest_route=\/wp\/v2\/posts\/31663\/revisions"}],"predecessor-version":[{"id":31665,"href":"https:\/\/www.radioamigavallenar.cl\/index.php?rest_route=\/wp\/v2\/posts\/31663\/revisions\/31665"}],"wp:featuredmedia":[{"embeddable":true,"href":"https:\/\/www.radioamigavallenar.cl\/index.php?rest_route=\/wp\/v2\/media\/31664"}],"wp:attachment":[{"href":"https:\/\/www.radioamigavallenar.cl\/index.php?rest_route=%2Fwp%2Fv2%2Fmedia&parent=31663"}],"wp:term":[{"taxonomy":"category","embeddable":true,"href":"https:\/\/www.radioamigavallenar.cl\/index.php?rest_route=%2Fwp%2Fv2%2Fcategories&post=31663"},{"taxonomy":"post_tag","embeddable":true,"href":"https:\/\/www.radioamigavallenar.cl\/index.php?rest_route=%2Fwp%2Fv2%2Ftags&post=31663"}],"curies":[{"name":"wp","href":"https:\/\/api.w.org\/{rel}","templated":true}]}}