{"id":31661,"date":"2020-11-04T11:03:55","date_gmt":"2020-11-04T14:03:55","guid":{"rendered":"https:\/\/www.radioamigavallenar.cl\/?p=31661"},"modified":"2020-11-04T11:03:55","modified_gmt":"2020-11-04T14:03:55","slug":"comision-vota-hoy-miercoles-nuevo-retiro-del-10-por-ciento-e-inclusion-de-enfermos-terminales","status":"publish","type":"post","link":"https:\/\/www.radioamigavallenar.cl\/?p=31661","title":{"rendered":"Comisi\u00f3n vota hoy mi\u00e9rcoles nuevo retiro del 10 por ciento e inclusi\u00f3n de enfermos terminales"},"content":{"rendered":"<p><strong>Revisa el detalle de los proyectos que podr\u00edan permitir avanzar hacia un nuevo hito en materia previsional.<\/strong><span id=\"more-224152\"><\/span><\/p>\n<p>&nbsp;<\/p>\n<p>El diputado y presidente de la\u00a0<strong>Comisi\u00f3n de Constituci\u00f3n de la C\u00e1mara de Diputadas y Diputados, Mat\u00edas Walker<\/strong>, inform\u00f3 que hoy <strong>mi\u00e9rcoles 4 de noviembre la instancia votar\u00e1 en particular\u00a0<\/strong>en una sesi\u00f3n extensa dos proyectos que se enmarcan dentro del retiro del 10% de los fondos de AFP.<\/p>\n<p>Seg\u00fan indic\u00f3 el parlamentario, se acord\u00f3 una sesi\u00f3n que ir\u00e1\u00a0<strong>desde las 15:00 horas hasta las 19:00 horas para dirimir el futuro en particular del retiro del 10% y de la instancia que permite el retiro en caso de que haya enfermedades terminales.<\/strong><\/p>\n<p><strong>\u00abEsta semana podr\u00edamos despachar estos dos proyectos en particular\u00bb<\/strong>, destac\u00f3.<\/p>\n<p>Asimismo, Walker afirm\u00f3 que en caso de que ello ocurra, se podr\u00edan destinar las pr\u00f3ximas semanas para discutir las otras dos instancias que tienen ciertas\u00a0<strong>\u00abcomplejidades\u00bb<\/strong>\u00a0en cuanto a sus caracter\u00edsticas.<\/p>\n<p>\u00abPodr\u00edamos destinar la pr\u00f3xima semana para los proyectos del retiro forzoso para deudores de\u00a0<strong>pensi\u00f3n alimenticia y lo que incluye a las rentas vitalicias, que son un poco m\u00e1s complejos del punto de vista constitucional\u00bb<\/strong>, sentenci\u00f3.<\/p>\n","protected":false},"excerpt":{"rendered":"<p>Revisa el detalle de los proyectos que podr\u00edan permitir avanzar hacia un nuevo hito en materia previsional. &nbsp; El diputado y presidente de la\u00a0Comisi\u00f3n de&hellip; <\/p>\n","protected":false},"author":2,"featured_media":20278,"comment_status":"open","ping_status":"closed","sticky":false,"template":"","format":"standard","meta":{"footnotes":""},"categories":[37],"tags":[],"class_list":["post-31661","post","type-post","status-publish","format-standard","has-post-thumbnail","hentry","category-nacional"],"_links":{"self":[{"href":"https:\/\/www.radioamigavallenar.cl\/index.php?rest_route=\/wp\/v2\/posts\/31661","targetHints":{"allow":["GET"]}}],"collection":[{"href":"https:\/\/www.radioamigavallenar.cl\/index.php?rest_route=\/wp\/v2\/posts"}],"about":[{"href":"https:\/\/www.radioamigavallenar.cl\/index.php?rest_route=\/wp\/v2\/types\/post"}],"author":[{"embeddable":true,"href":"https:\/\/www.radioamigavallenar.cl\/index.php?rest_route=\/wp\/v2\/users\/2"}],"replies":[{"embeddable":true,"href":"https:\/\/www.radioamigavallenar.cl\/index.php?rest_route=%2Fwp%2Fv2%2Fcomments&post=31661"}],"version-history":[{"count":1,"href":"https:\/\/www.radioamigavallenar.cl\/index.php?rest_route=\/wp\/v2\/posts\/31661\/revisions"}],"predecessor-version":[{"id":31662,"href":"https:\/\/www.radioamigavallenar.cl\/index.php?rest_route=\/wp\/v2\/posts\/31661\/revisions\/31662"}],"wp:featuredmedia":[{"embeddable":true,"href":"https:\/\/www.radioamigavallenar.cl\/index.php?rest_route=\/wp\/v2\/media\/20278"}],"wp:attachment":[{"href":"https:\/\/www.radioamigavallenar.cl\/index.php?rest_route=%2Fwp%2Fv2%2Fmedia&parent=31661"}],"wp:term":[{"taxonomy":"category","embeddable":true,"href":"https:\/\/www.radioamigavallenar.cl\/index.php?rest_route=%2Fwp%2Fv2%2Fcategories&post=31661"},{"taxonomy":"post_tag","embeddable":true,"href":"https:\/\/www.radioamigavallenar.cl\/index.php?rest_route=%2Fwp%2Fv2%2Ftags&post=31661"}],"curies":[{"name":"wp","href":"https:\/\/api.w.org\/{rel}","templated":true}]}}