{"id":31658,"date":"2020-11-04T06:00:23","date_gmt":"2020-11-04T09:00:23","guid":{"rendered":"https:\/\/www.radioamigavallenar.cl\/?p=31658"},"modified":"2020-11-03T20:34:24","modified_gmt":"2020-11-03T23:34:24","slug":"gobernadora-del-huasco-nelly-galeb-relevo-mensaje-del-gobierno-para-reactivar-la-economia-del-pais","status":"publish","type":"post","link":"https:\/\/www.radioamigavallenar.cl\/?p=31658","title":{"rendered":"Gobernadora del Huasco Nelly Galeb, relev\u00f3 mensaje del Gobierno para reactivar la econom\u00eda del pa\u00eds."},"content":{"rendered":"<p>\u201cEl Gobierno ha sido claro en su mensaje, para avanzar en medio de esta Pandemia, a pesar de las dificultades que vamos encontrando en el camino en un tiempo muy complejo, nuestra gente necesita de la reactivaci\u00f3n econ\u00f3mica, hay que reactivar el empleo y avanzar en la medida de lo posible, cuidando nuestra salud y la de los dem\u00e1s, avanzar en todo lo que se requiera para hacer frente a las necesidades de la poblaci\u00f3n y de los m\u00e1s vulnerables\u201d, expres\u00f3 la Gobernadora Nelly Galeb al destacar el esfuerzo que est\u00e1 haciendo el Gobierno por impulsar una serie de medidas que apuntan en la necesidad de ocuparse de las principales demandas que tiene la poblaci\u00f3n.<\/p>\n<p>\u201cEl Gobierno ha se\u00f1alado la importancia de no bajar la guardia, estando siempre alertas y atentos para enfrentar todas las adversidades que se nos vayan presentando\u201d, puntualiz\u00f3 la Autoridad<\/p>\n<p>\u201cEste es el momento de la unidad, paso a paso queremos ir avanzando hacia un mejor tiempo para todos, yo quiero reiterar en mi llamado a la comunidad a no bajar la guardia a estar alertas y entre todos enfrentar las dificultades que hoy se nos presentan; el comportamiento, el autocuidado y la responsabilidad\u00a0 de todos nos van a permitir estar en mejores condiciones para enfrentar los desaf\u00edos que hoy d\u00eda tenemos\u201d.<\/p>\n<p>\u201cNuestro Intendente, Patricio Urquieta, nos ha se\u00f1alado que la regi\u00f3n de Atacama tendr\u00e1 el futuro que todos esperamos si se abandonan las consignas f\u00e1ciles para resolver problemas dif\u00edciles y trabajando \u00a0unidos por el progreso, sin duda que ya estamos dando un gran paso\u201d, concluyo la autoridad.<\/p>\n","protected":false},"excerpt":{"rendered":"<p>\u201cEl Gobierno ha sido claro en su mensaje, para avanzar en medio de esta Pandemia, a pesar de las dificultades que vamos encontrando en el&hellip; <\/p>\n","protected":false},"author":2,"featured_media":31659,"comment_status":"open","ping_status":"closed","sticky":false,"template":"","format":"standard","meta":{"footnotes":""},"categories":[7,1,2],"tags":[],"class_list":["post-31658","post","type-post","status-publish","format-standard","has-post-thumbnail","hentry","category-atacama","category-provincia-del-huasco-2","category-vallenar"],"_links":{"self":[{"href":"https:\/\/www.radioamigavallenar.cl\/index.php?rest_route=\/wp\/v2\/posts\/31658","targetHints":{"allow":["GET"]}}],"collection":[{"href":"https:\/\/www.radioamigavallenar.cl\/index.php?rest_route=\/wp\/v2\/posts"}],"about":[{"href":"https:\/\/www.radioamigavallenar.cl\/index.php?rest_route=\/wp\/v2\/types\/post"}],"author":[{"embeddable":true,"href":"https:\/\/www.radioamigavallenar.cl\/index.php?rest_route=\/wp\/v2\/users\/2"}],"replies":[{"embeddable":true,"href":"https:\/\/www.radioamigavallenar.cl\/index.php?rest_route=%2Fwp%2Fv2%2Fcomments&post=31658"}],"version-history":[{"count":1,"href":"https:\/\/www.radioamigavallenar.cl\/index.php?rest_route=\/wp\/v2\/posts\/31658\/revisions"}],"predecessor-version":[{"id":31660,"href":"https:\/\/www.radioamigavallenar.cl\/index.php?rest_route=\/wp\/v2\/posts\/31658\/revisions\/31660"}],"wp:featuredmedia":[{"embeddable":true,"href":"https:\/\/www.radioamigavallenar.cl\/index.php?rest_route=\/wp\/v2\/media\/31659"}],"wp:attachment":[{"href":"https:\/\/www.radioamigavallenar.cl\/index.php?rest_route=%2Fwp%2Fv2%2Fmedia&parent=31658"}],"wp:term":[{"taxonomy":"category","embeddable":true,"href":"https:\/\/www.radioamigavallenar.cl\/index.php?rest_route=%2Fwp%2Fv2%2Fcategories&post=31658"},{"taxonomy":"post_tag","embeddable":true,"href":"https:\/\/www.radioamigavallenar.cl\/index.php?rest_route=%2Fwp%2Fv2%2Ftags&post=31658"}],"curies":[{"name":"wp","href":"https:\/\/api.w.org\/{rel}","templated":true}]}}