{"id":31652,"date":"2020-11-04T06:00:01","date_gmt":"2020-11-04T09:00:01","guid":{"rendered":"https:\/\/www.radioamigavallenar.cl\/?p=31652"},"modified":"2020-11-03T20:30:23","modified_gmt":"2020-11-03T23:30:23","slug":"comisiones-del-core-apuntan-a-evitar-zona-de-sacrificio-medioambiental-en-provincia-de-chanaral","status":"publish","type":"post","link":"https:\/\/www.radioamigavallenar.cl\/?p=31652","title":{"rendered":"Comisiones del CORE apuntan a evitar zona de sacrificio medioambiental en Provincia de Cha\u00f1aral"},"content":{"rendered":"<p>Las Comisiones de Medio Ambiente y Provincial de Cha\u00f1aral, del Consejo Regional de Atacama, que presiden los Consejeros Fabiola P\u00e9rez y Gabriel Manquez, respectivamente, se reunieron para analizar el diagn\u00f3stico de zonas de inter\u00e9s y resguardo; los proyectos SEA aprobados y en proceso de evaluaci\u00f3n; y las fiscalizaciones realizadas por la superintendencia de medio ambiente en la provincia de Cha\u00f1aral.<\/p>\n<p>Tras el desarrollo de los temas tratados, la Consejera Fabiola P\u00e9rez, en su calidad de Presidenta de la Comisi\u00f3n de Medio Ambiente, sostuvo que \u201chemos abordado importantes propuestas encaminadas a favorecer el resguardo medio ambiental, espec\u00edficamente, de la provincia de Cha\u00f1aral. Creemos de gran relevancia recoger las inquietudes de las comunidades en virtud de la generaci\u00f3n de actividad productiva de gran impacto para la zona. Como consejeros regionales es nuestro deber consensuar mecanismos que permitan el desarrollo, pero, a la vez, consoliden la protecci\u00f3n de nuestros ecosistemas y nuestros recursos naturales e h\u00eddricos. Debemos valorar los territorios y cuidarlos por el bien com\u00fan de sus habitantes, considerando todas las riquezas naturales que existen en esta zona, como son los humedales, por ejemplo\u201d, enfatiz\u00f3 la autoridad regional.<\/p>\n<p>En la ocasi\u00f3n, se acord\u00f3 que se desarrollar\u00e1 un programa relacionado con la b\u00fasqueda de medidas que atiendan al confort ambiental en todos estos territorios; avanzar en el estudio de suelos con potenciales contaminantes; oficiar a la seremi incumplimientos en temas medio ambientales o potenciales problem\u00e1ticas que afectar\u00edan a Cha\u00f1aral y Diego de Almagro; que las estaciones de monitoreos deben contar con un sistema p\u00fablico. Del mismo modo, se abord\u00f3 la urgente necesidad de contar con una Estrategia Regional de Desarrollo, ERDA, y un Plan Regional de Ordenamiento Territorial, siendo los instrumentos de planificaci\u00f3n para Atacama de gran relevancia.<\/p>\n<p>Sobre ello, el Presidente de la Comisi\u00f3n Provincial de Cha\u00f1aral, Gabriel Manquez, apunt\u00f3 que \u201cjunto a los Cores Manuel Reyes y Alex Ahumada, queremos se\u00f1alar que necesitamos generar medidas que eviten que, en alg\u00fan momento, nuestra provincia sea otra de los territorios de Atacama y Chile, con la condici\u00f3n o zona de sacrificio. Los organismos del Estado no tienen instrumentos de medici\u00f3n de temas ambientales en la provincia de Cha\u00f1aral, los que existen son de la empresa privada o de Codelco Chile, pero que funcionan desde la mirada empresarial. Decimos que, si van a explotar nuestros recursos, que lo hagan con el justo equilibrio de las comunidades que pertenecemos a estos territorios\u201d.<\/p>\n<p>Agreg\u00f3 adem\u00e1s el Consejero Manquez, que \u201ces impensable que capitales extranjeros como sudafricanos o coreanos, disfruten de nuestros territorios, sacando riquezas, pero gener\u00e1ndonos grandes problemas ambientales. El CORE, a trav\u00e9s de su Comisi\u00f3n de Medio Ambiente, puede transformarse en una herramienta eficaz, en la fiscalizaci\u00f3n y en el cumplimiento de las medidas, o sea, si se van a adue\u00f1ar de riquezas, que se las lleven pero que tengan un costo para ellos y un beneficio para nosotros\u201d, acot\u00f3 el presidente de la Comisi\u00f3n Provincial de Cha\u00f1aral.<\/p>\n<p>Se hizo hincapi\u00e9 a la problem\u00e1tica existente en la provincia de Cha\u00f1aral con la miner\u00eda; las fotovoltaicas; las desaladoras y la contaminaci\u00f3n por los relaves en el borde costero.<\/p>\n<p>Cabe destacar que, los Consejeros Regionales participantes del an\u00e1lisis y discusi\u00f3n de lo expuesto fueron: Manuel Reyes, Alex Ahumada, Gabriel Manquez, Fabiola P\u00e9rez, Javier Castillo, Rodrigo Rojas y, Patricio Alfaro, respectivamente.<\/p>\n","protected":false},"excerpt":{"rendered":"<p>Las Comisiones de Medio Ambiente y Provincial de Cha\u00f1aral, del Consejo Regional de Atacama, que presiden los Consejeros Fabiola P\u00e9rez y Gabriel Manquez, respectivamente, se&hellip; <\/p>\n","protected":false},"author":2,"featured_media":31653,"comment_status":"open","ping_status":"closed","sticky":false,"template":"","format":"standard","meta":{"footnotes":""},"categories":[7],"tags":[],"class_list":["post-31652","post","type-post","status-publish","format-standard","has-post-thumbnail","hentry","category-atacama"],"_links":{"self":[{"href":"https:\/\/www.radioamigavallenar.cl\/index.php?rest_route=\/wp\/v2\/posts\/31652","targetHints":{"allow":["GET"]}}],"collection":[{"href":"https:\/\/www.radioamigavallenar.cl\/index.php?rest_route=\/wp\/v2\/posts"}],"about":[{"href":"https:\/\/www.radioamigavallenar.cl\/index.php?rest_route=\/wp\/v2\/types\/post"}],"author":[{"embeddable":true,"href":"https:\/\/www.radioamigavallenar.cl\/index.php?rest_route=\/wp\/v2\/users\/2"}],"replies":[{"embeddable":true,"href":"https:\/\/www.radioamigavallenar.cl\/index.php?rest_route=%2Fwp%2Fv2%2Fcomments&post=31652"}],"version-history":[{"count":1,"href":"https:\/\/www.radioamigavallenar.cl\/index.php?rest_route=\/wp\/v2\/posts\/31652\/revisions"}],"predecessor-version":[{"id":31654,"href":"https:\/\/www.radioamigavallenar.cl\/index.php?rest_route=\/wp\/v2\/posts\/31652\/revisions\/31654"}],"wp:featuredmedia":[{"embeddable":true,"href":"https:\/\/www.radioamigavallenar.cl\/index.php?rest_route=\/wp\/v2\/media\/31653"}],"wp:attachment":[{"href":"https:\/\/www.radioamigavallenar.cl\/index.php?rest_route=%2Fwp%2Fv2%2Fmedia&parent=31652"}],"wp:term":[{"taxonomy":"category","embeddable":true,"href":"https:\/\/www.radioamigavallenar.cl\/index.php?rest_route=%2Fwp%2Fv2%2Fcategories&post=31652"},{"taxonomy":"post_tag","embeddable":true,"href":"https:\/\/www.radioamigavallenar.cl\/index.php?rest_route=%2Fwp%2Fv2%2Ftags&post=31652"}],"curies":[{"name":"wp","href":"https:\/\/api.w.org\/{rel}","templated":true}]}}