{"id":31646,"date":"2020-11-04T06:00:57","date_gmt":"2020-11-04T09:00:57","guid":{"rendered":"https:\/\/www.radioamigavallenar.cl\/?p=31646"},"modified":"2020-11-03T20:27:43","modified_gmt":"2020-11-03T23:27:43","slug":"mesa-energia-mas-mujer-presento-su-plan-de-accion-2021","status":"publish","type":"post","link":"https:\/\/www.radioamigavallenar.cl\/?p=31646","title":{"rendered":"Mesa Energ\u00eda M\u00e1s Mujer present\u00f3 su plan de acci\u00f3n 2021"},"content":{"rendered":"<p>Incorporar a m\u00e1s mujeres en el sector energ\u00e9tico presente en Atacama es el objetivo de la Mesa Regional Energ\u00eda M\u00e1s Mujer, que sesion\u00f3 presentando su plan de acci\u00f3n 2021, as\u00ed como datos, estad\u00edsticas y otras iniciativas locales, en una instancia que estuvo liderada por las seremis de Energ\u00eda, Kim-Fa Bondi Hafon, y de la Mujer y Equidad de G\u00e9nero, Jessica G\u00f3mez Poblete, y en la que participaron tambi\u00e9n representantes de diversas empresas del rubro.<\/p>\n<p>\u201cHoy desarrollamos la Mesa Energ\u00eda M\u00e1s Mujer en la regi\u00f3n de Atacama, en ella presentamos nuestro plan de acci\u00f3n, con miras a lograr una de las metas m\u00e1s ambiciosas que es la incorporaci\u00f3n de m\u00e1s mujeres a este sector. Justamente, \u00e9sta es una de las principales metas del Gobierno de nuestro Presidente Sebasti\u00e1n Pi\u00f1era, poder incorporar a m\u00e1s mujeres en el sector de la energ\u00eda\u201d, afirm\u00f3 la seremi Kim-Fa Bondi.<\/p>\n<p>Por su parte, la Jessica G\u00f3mez present\u00f3 los datos de participaci\u00f3n de las mujeres en el espacio laboral, con \u00e9nfasis en la industria energ\u00e9tica, as\u00ed como iniciativas para prevenir la violencia de g\u00e9nero como la Mascarilla 19 y el WhatsApp +569 9700 7000, destacando que adem\u00e1s noviembre es el Mes de la No Violencia contra las Mujeres.<\/p>\n<p>\u201cComo Seremi de la Mujer y Equidad de G\u00e9nero trabajamos d\u00eda a d\u00eda para que las mujeres\u00a0 logren su autonom\u00eda econ\u00f3mica y, una instancia como la Mesa Mujer M\u00e1s Energ\u00eda es fundamental para lograr este objetivo, en donde las empresas del rubro en conjunto con el Gobierno generan un plan de trabajo y acciones que buscan aumentar la participaci\u00f3n laboral femenina y tambi\u00e9n, las acciones que fomenten el estudio de carreras fines a estas empresas\u201d, sostuvo la seremi G\u00f3mez Poblete.<\/p>\n<p>En tanto que, los y las representantes de las empresas, presentaron los trabajos e iniciativas que est\u00e1n desarrollando en materia de conciliaci\u00f3n de la vida familiar y laboral, considerando sobre todo el marco de la pandemia, y tambi\u00e9n, las medidas tendientes a incorporar de manera efectivaa m\u00e1s mujeres en sus diversos proyectos.<\/p>\n<p>Entre las empresas presentes estuvieron LAP, Terminal Gas Caldera, Mainstream, Enel Green Power, Guacolda, Colb\u00fan, Acciona y Aes Gener.<\/p>\n","protected":false},"excerpt":{"rendered":"<p>Incorporar a m\u00e1s mujeres en el sector energ\u00e9tico presente en Atacama es el objetivo de la Mesa Regional Energ\u00eda M\u00e1s Mujer, que sesion\u00f3 presentando su&hellip; <\/p>\n","protected":false},"author":2,"featured_media":31647,"comment_status":"open","ping_status":"closed","sticky":false,"template":"","format":"standard","meta":{"footnotes":""},"categories":[7,38],"tags":[],"class_list":["post-31646","post","type-post","status-publish","format-standard","has-post-thumbnail","hentry","category-atacama","category-portada-regional"],"_links":{"self":[{"href":"https:\/\/www.radioamigavallenar.cl\/index.php?rest_route=\/wp\/v2\/posts\/31646","targetHints":{"allow":["GET"]}}],"collection":[{"href":"https:\/\/www.radioamigavallenar.cl\/index.php?rest_route=\/wp\/v2\/posts"}],"about":[{"href":"https:\/\/www.radioamigavallenar.cl\/index.php?rest_route=\/wp\/v2\/types\/post"}],"author":[{"embeddable":true,"href":"https:\/\/www.radioamigavallenar.cl\/index.php?rest_route=\/wp\/v2\/users\/2"}],"replies":[{"embeddable":true,"href":"https:\/\/www.radioamigavallenar.cl\/index.php?rest_route=%2Fwp%2Fv2%2Fcomments&post=31646"}],"version-history":[{"count":1,"href":"https:\/\/www.radioamigavallenar.cl\/index.php?rest_route=\/wp\/v2\/posts\/31646\/revisions"}],"predecessor-version":[{"id":31648,"href":"https:\/\/www.radioamigavallenar.cl\/index.php?rest_route=\/wp\/v2\/posts\/31646\/revisions\/31648"}],"wp:featuredmedia":[{"embeddable":true,"href":"https:\/\/www.radioamigavallenar.cl\/index.php?rest_route=\/wp\/v2\/media\/31647"}],"wp:attachment":[{"href":"https:\/\/www.radioamigavallenar.cl\/index.php?rest_route=%2Fwp%2Fv2%2Fmedia&parent=31646"}],"wp:term":[{"taxonomy":"category","embeddable":true,"href":"https:\/\/www.radioamigavallenar.cl\/index.php?rest_route=%2Fwp%2Fv2%2Fcategories&post=31646"},{"taxonomy":"post_tag","embeddable":true,"href":"https:\/\/www.radioamigavallenar.cl\/index.php?rest_route=%2Fwp%2Fv2%2Ftags&post=31646"}],"curies":[{"name":"wp","href":"https:\/\/api.w.org\/{rel}","templated":true}]}}