{"id":31636,"date":"2020-11-03T09:53:28","date_gmt":"2020-11-03T12:53:28","guid":{"rendered":"https:\/\/www.radioamigavallenar.cl\/?p=31636"},"modified":"2020-11-03T12:56:56","modified_gmt":"2020-11-03T15:56:56","slug":"absuelven-a-tio-y-sobrino-acusados-de-incendiar-la-estacion-pedrero-del-metro","status":"publish","type":"post","link":"https:\/\/www.radioamigavallenar.cl\/?p=31636","title":{"rendered":"Absuelven a t\u00edo y sobrino acusados de incendiar la estaci\u00f3n Pedrero del Metro"},"content":{"rendered":"<p>El S\u00e9ptimo Tribunal de Juicio Oral en lo Penal de Santiago decidi\u00f3 de forma un\u00e1nime absolver a los dos acusados de incendiar la\u00a0<strong>estaci\u00f3n Pedrero<\/strong>\u00a0del\u00a0<strong>Metro<\/strong>\u00a0durante el\u00a0<strong>estallido social<\/strong>.<\/p>\n<p>Se trata de un hecho que ocurri\u00f3 la noche del\u00a0<strong>18 de octubre de 2019<\/strong>, en medio de las protestas por el alza del pasaje que derivaron en ataques e incendios contra varias estaciones del tren subterr\u00e1neo.<\/p>\n<p>Los acusados por dicho siniestro eran\u00a0<strong>Daniel Morales (35) y su sobrino B.S. (17)<\/strong>, quienes estuvieron privados de libertad desde que fueron formalizados el a\u00f1o pasado y recibieron el veredicto con evidente emoci\u00f3n.<\/p>\n<h2 style=\"text-align: center;\">Pruebas desacreditadas<\/h2>\n<p>La Fiscal\u00eda Oriente, quien llev\u00f3 adelante la investigaci\u00f3n, solicitaba una pena de\u00a0<strong>20 a\u00f1os de presidio<\/strong>\u00a0y\u00a0<strong>10 a\u00f1os de internaci\u00f3n provisoria<\/strong>, respectivamente.<\/p>\n<p>Para ello ten\u00eda varias pruebas, como conversaciones de\u00a0<strong>WhatsApp<\/strong>\u00a0donde ambas personas supuestamente se habr\u00edan concertado para incendiar la estaci\u00f3n.<\/p>\n<p>Junto con ello,\u00a0<strong>se exhibi\u00f3 un video<\/strong>\u00a0donde un joven encapuchado arrojaba material combustible para avivar las llamas que quemaban la estaci\u00f3n. Seg\u00fan Fiscal\u00eda, ese adolescente era el imputado.<\/p>\n<p>Tambi\u00e9n se exhibieron im\u00e1genes subidas al Instagram de la Garra Blanca\u00a0donde se ve supuestamente al mismo encapuchado, utilizando ropas similares que le fueron incautadas al detenido, en el lugar de los hechos cuando se produjeron\u00a0<strong>los primeros incidentes antes del incendio<\/strong>.<\/p>\n<p>Finalmente, las\u00a0<strong>pruebas fueron desacreditadas<\/strong>\u00a0por el tribunal y las calific\u00f3 como il\u00edcitas. Ahora, la Fiscal\u00eda tiene 10 d\u00edas de plazo para decidir si presenta un recurso de nulidad para\u00a0<strong>anular el juicio oral<\/strong>\u00a0contra ambos imputados.<\/p>\n","protected":false},"excerpt":{"rendered":"<p>El S\u00e9ptimo Tribunal de Juicio Oral en lo Penal de Santiago decidi\u00f3 de forma un\u00e1nime absolver a los dos acusados de incendiar la\u00a0estaci\u00f3n Pedrero\u00a0del\u00a0Metro\u00a0durante el\u00a0estallido&hellip; <\/p>\n","protected":false},"author":2,"featured_media":31637,"comment_status":"open","ping_status":"closed","sticky":false,"template":"","format":"standard","meta":{"footnotes":""},"categories":[37],"tags":[],"class_list":["post-31636","post","type-post","status-publish","format-standard","has-post-thumbnail","hentry","category-nacional"],"_links":{"self":[{"href":"https:\/\/www.radioamigavallenar.cl\/index.php?rest_route=\/wp\/v2\/posts\/31636","targetHints":{"allow":["GET"]}}],"collection":[{"href":"https:\/\/www.radioamigavallenar.cl\/index.php?rest_route=\/wp\/v2\/posts"}],"about":[{"href":"https:\/\/www.radioamigavallenar.cl\/index.php?rest_route=\/wp\/v2\/types\/post"}],"author":[{"embeddable":true,"href":"https:\/\/www.radioamigavallenar.cl\/index.php?rest_route=\/wp\/v2\/users\/2"}],"replies":[{"embeddable":true,"href":"https:\/\/www.radioamigavallenar.cl\/index.php?rest_route=%2Fwp%2Fv2%2Fcomments&post=31636"}],"version-history":[{"count":1,"href":"https:\/\/www.radioamigavallenar.cl\/index.php?rest_route=\/wp\/v2\/posts\/31636\/revisions"}],"predecessor-version":[{"id":31638,"href":"https:\/\/www.radioamigavallenar.cl\/index.php?rest_route=\/wp\/v2\/posts\/31636\/revisions\/31638"}],"wp:featuredmedia":[{"embeddable":true,"href":"https:\/\/www.radioamigavallenar.cl\/index.php?rest_route=\/wp\/v2\/media\/31637"}],"wp:attachment":[{"href":"https:\/\/www.radioamigavallenar.cl\/index.php?rest_route=%2Fwp%2Fv2%2Fmedia&parent=31636"}],"wp:term":[{"taxonomy":"category","embeddable":true,"href":"https:\/\/www.radioamigavallenar.cl\/index.php?rest_route=%2Fwp%2Fv2%2Fcategories&post=31636"},{"taxonomy":"post_tag","embeddable":true,"href":"https:\/\/www.radioamigavallenar.cl\/index.php?rest_route=%2Fwp%2Fv2%2Ftags&post=31636"}],"curies":[{"name":"wp","href":"https:\/\/api.w.org\/{rel}","templated":true}]}}