{"id":31633,"date":"2020-11-03T11:42:18","date_gmt":"2020-11-03T14:42:18","guid":{"rendered":"https:\/\/www.radioamigavallenar.cl\/?p=31633"},"modified":"2020-11-03T12:42:58","modified_gmt":"2020-11-03T15:42:58","slug":"docentes-de-la-escuela-ignacio-carrera-pinto-de-vallenar-comparten-sus-experiencias-en-webinar-educativo-y-pedagogico","status":"publish","type":"post","link":"https:\/\/www.radioamigavallenar.cl\/?p=31633","title":{"rendered":"Docentes de la Escuela Ignacio Carrera Pinto de Vallenar comparten sus experiencias en webinar educativo y pedag\u00f3gico"},"content":{"rendered":"<p>\u201cCompartiendo Experiencias Educativas en Clases Online\u201d, fue el nombre del webinar organizado por profesoras y profesores de la Escuela Ignacio Carrera Pinto de Vallenar, que permiti\u00f3 compartir con las comunidades educativas del territorio Huasco, c\u00f3mo ha sido el proceso de ense\u00f1anza educativa desde iniciada la pandemia.<\/p>\n<p>Flipped Classroom, Google Classroom, c\u00f3mo funcionan los formularios de Google y Ticket de entrada y salida, entre otros, fueron los temas expuestos por las y los educadores durante los 90 minutos que dur\u00f3 este webinar educativo y pedag\u00f3gico.<\/p>\n<p>H\u00e9ctor Abarca Vega, director del establecimiento organizador del webinar mencion\u00f3 que \u201ces muy grato para nosotros compartir las experiencias que desarrollan profesores y profesoras, que fueron desafiados en alg\u00fan momento por la pandemia para lograr aprendizajes de calidad en nuestros estudiantes, a pesar de las dificultades que significaba este aprendizaje de manera remota\u201d.<\/p>\n<p>Para las y los docentes, al igual que el resto de los actores que componen las comunidades educativas, este cambio abrupto de entregar clases presenciales a clases remotas, ha sido un proceso que les ha permitido seguir fortaleciendo la educaci\u00f3n p\u00fablica en nuestro territorio.<\/p>\n<p>\u201cQuisimos compartir con las comunidades del territorio del Huasco y de otras localidades, c\u00f3mo estamos abordando este desaf\u00edo del uso de la tecnolog\u00eda, para lograr lo que nosotros tenemos como centro y motivo de nuestro quehacer pedag\u00f3gico: movilizar los aprendizajes de ni\u00f1os y ni\u00f1as hacia sitiales de calidad\u201d, concluy\u00f3 el director.<\/p>\n","protected":false},"excerpt":{"rendered":"<p>\u201cCompartiendo Experiencias Educativas en Clases Online\u201d, fue el nombre del webinar organizado por profesoras y profesores de la Escuela Ignacio Carrera Pinto de Vallenar, que&hellip; <\/p>\n","protected":false},"author":2,"featured_media":31634,"comment_status":"open","ping_status":"closed","sticky":false,"template":"","format":"standard","meta":{"footnotes":""},"categories":[38],"tags":[],"class_list":["post-31633","post","type-post","status-publish","format-standard","has-post-thumbnail","hentry","category-portada-regional"],"_links":{"self":[{"href":"https:\/\/www.radioamigavallenar.cl\/index.php?rest_route=\/wp\/v2\/posts\/31633","targetHints":{"allow":["GET"]}}],"collection":[{"href":"https:\/\/www.radioamigavallenar.cl\/index.php?rest_route=\/wp\/v2\/posts"}],"about":[{"href":"https:\/\/www.radioamigavallenar.cl\/index.php?rest_route=\/wp\/v2\/types\/post"}],"author":[{"embeddable":true,"href":"https:\/\/www.radioamigavallenar.cl\/index.php?rest_route=\/wp\/v2\/users\/2"}],"replies":[{"embeddable":true,"href":"https:\/\/www.radioamigavallenar.cl\/index.php?rest_route=%2Fwp%2Fv2%2Fcomments&post=31633"}],"version-history":[{"count":1,"href":"https:\/\/www.radioamigavallenar.cl\/index.php?rest_route=\/wp\/v2\/posts\/31633\/revisions"}],"predecessor-version":[{"id":31635,"href":"https:\/\/www.radioamigavallenar.cl\/index.php?rest_route=\/wp\/v2\/posts\/31633\/revisions\/31635"}],"wp:featuredmedia":[{"embeddable":true,"href":"https:\/\/www.radioamigavallenar.cl\/index.php?rest_route=\/wp\/v2\/media\/31634"}],"wp:attachment":[{"href":"https:\/\/www.radioamigavallenar.cl\/index.php?rest_route=%2Fwp%2Fv2%2Fmedia&parent=31633"}],"wp:term":[{"taxonomy":"category","embeddable":true,"href":"https:\/\/www.radioamigavallenar.cl\/index.php?rest_route=%2Fwp%2Fv2%2Fcategories&post=31633"},{"taxonomy":"post_tag","embeddable":true,"href":"https:\/\/www.radioamigavallenar.cl\/index.php?rest_route=%2Fwp%2Fv2%2Ftags&post=31633"}],"curies":[{"name":"wp","href":"https:\/\/api.w.org\/{rel}","templated":true}]}}