{"id":31627,"date":"2020-11-03T12:37:34","date_gmt":"2020-11-03T15:37:34","guid":{"rendered":"https:\/\/www.radioamigavallenar.cl\/?p=31627"},"modified":"2020-11-03T12:37:55","modified_gmt":"2020-11-03T15:37:55","slug":"hoy-martes-atacama-informo-de-nueve-nuevos-casos-de-coronavirus","status":"publish","type":"post","link":"https:\/\/www.radioamigavallenar.cl\/?p=31627","title":{"rendered":"Hoy martes Atacama Informo de 9 nuevos casos de Coronavirus"},"content":{"rendered":"<p>El Minsal inform\u00f3 este martes, 9 casos nuevos positivos de Coronavirus en la regi\u00f3n, de ellos 3 fueron sintom\u00e1ticos y 6 sin s\u00edntomas, adem\u00e1s se inform\u00f3 de 100 casos activos a nivel regional.<\/p>\n<p style=\"text-align: center;\"><a href=\"https:\/\/www.radioamigavallenar.cl\/wp-content\/uploads\/2020\/11\/El6EmB0XYAIj0A0.jpg\"><img loading=\"lazy\" decoding=\"async\" class=\"alignnone wp-image-31628\" src=\"https:\/\/www.radioamigavallenar.cl\/wp-content\/uploads\/2020\/11\/El6EmB0XYAIj0A0-300x286.jpg\" alt=\"\" width=\"734\" height=\"701\" \/><\/a><\/p>\n<p style=\"text-align: center;\">Con aquello Atacama, alcanza a la fecha un total de 7.896 casos de Coronavirus.<\/p>\n","protected":false},"excerpt":{"rendered":"<p>El Minsal inform\u00f3 este martes, 9 casos nuevos positivos de Coronavirus en la regi\u00f3n, de ellos 3 fueron sintom\u00e1ticos y 6 sin s\u00edntomas, adem\u00e1s se&hellip; <\/p>\n","protected":false},"author":2,"featured_media":28118,"comment_status":"open","ping_status":"closed","sticky":false,"template":"","format":"standard","meta":{"footnotes":""},"categories":[38],"tags":[],"class_list":["post-31627","post","type-post","status-publish","format-standard","has-post-thumbnail","hentry","category-portada-regional"],"_links":{"self":[{"href":"https:\/\/www.radioamigavallenar.cl\/index.php?rest_route=\/wp\/v2\/posts\/31627","targetHints":{"allow":["GET"]}}],"collection":[{"href":"https:\/\/www.radioamigavallenar.cl\/index.php?rest_route=\/wp\/v2\/posts"}],"about":[{"href":"https:\/\/www.radioamigavallenar.cl\/index.php?rest_route=\/wp\/v2\/types\/post"}],"author":[{"embeddable":true,"href":"https:\/\/www.radioamigavallenar.cl\/index.php?rest_route=\/wp\/v2\/users\/2"}],"replies":[{"embeddable":true,"href":"https:\/\/www.radioamigavallenar.cl\/index.php?rest_route=%2Fwp%2Fv2%2Fcomments&post=31627"}],"version-history":[{"count":2,"href":"https:\/\/www.radioamigavallenar.cl\/index.php?rest_route=\/wp\/v2\/posts\/31627\/revisions"}],"predecessor-version":[{"id":31630,"href":"https:\/\/www.radioamigavallenar.cl\/index.php?rest_route=\/wp\/v2\/posts\/31627\/revisions\/31630"}],"wp:featuredmedia":[{"embeddable":true,"href":"https:\/\/www.radioamigavallenar.cl\/index.php?rest_route=\/wp\/v2\/media\/28118"}],"wp:attachment":[{"href":"https:\/\/www.radioamigavallenar.cl\/index.php?rest_route=%2Fwp%2Fv2%2Fmedia&parent=31627"}],"wp:term":[{"taxonomy":"category","embeddable":true,"href":"https:\/\/www.radioamigavallenar.cl\/index.php?rest_route=%2Fwp%2Fv2%2Fcategories&post=31627"},{"taxonomy":"post_tag","embeddable":true,"href":"https:\/\/www.radioamigavallenar.cl\/index.php?rest_route=%2Fwp%2Fv2%2Ftags&post=31627"}],"curies":[{"name":"wp","href":"https:\/\/api.w.org\/{rel}","templated":true}]}}