{"id":31621,"date":"2020-11-03T11:40:25","date_gmt":"2020-11-03T14:40:25","guid":{"rendered":"https:\/\/www.radioamigavallenar.cl\/?p=31621"},"modified":"2020-11-03T11:40:25","modified_gmt":"2020-11-03T14:40:25","slug":"hospital-provincial-del-huasco-mejora-eficiencia-de-atencion-dental-con-moderno-sistema-de-extraccion-de-aire","status":"publish","type":"post","link":"https:\/\/www.radioamigavallenar.cl\/?p=31621","title":{"rendered":"Hospital Provincial del Huasco mejora eficiencia de atenci\u00f3n dental con moderno sistema de extracci\u00f3n de aire"},"content":{"rendered":"<p>Con el objetivo de continuar otorgando permanentemente una atenci\u00f3n de calidad y con altos \u00edndices de seguridad, el Hospital Provincial del Huasco instal\u00f3 en los seis box odontol\u00f3gicos de la Unidad Dental, un sistema de extracci\u00f3n de aire que permitir\u00e1 el recambio de aire del box, permitiendo mejorar la eficiencia en la atenci\u00f3n.<\/p>\n<p>\u201cEstamos muy orgullosos porque este sistema permite a nuestros especialistas mejorar la calidad de las atenciones y agilizar el tiempo entre cada atenci\u00f3n que reciben los usuarios. De esta manera, nos permite reducir el tiempo de espera, mejorar el est\u00e1ndar de revisi\u00f3n de pacientes y seguir fortaleciendo la atenci\u00f3n que brindan de nuestros especialistas\u201d, dijo el Director del Hospital Provincial del Huasco, Juan Pablo Rojas.<\/p>\n<p>El sistema de extracci\u00f3n de aire antiguo permit\u00eda que un aspirador realizar\u00e1 la extracci\u00f3n de los seis box de atenci\u00f3n odontol\u00f3gica, logrando extraer 20 litros por minutos. \u201cHoy el nuevo sistema de extracci\u00f3n de aire, permitir\u00e1 extraer 85 litros por minuto, lo que otorgar\u00e1 cuadruplicar la capacidad. Esto para la atenci\u00f3n odontol\u00f3gica es positivo porque mucho de los procedimientos cl\u00ednicos dentales generan aerosoles y necesitan reemplazar el aire entre pacientes\u201d, coment\u00f3 el jefe de la Unidad Dental, Dr. Rub\u00e9n Castro Pesce.<\/p>\n<p>Asimismo, se realiz\u00f3 una conexi\u00f3n de los sillones dentales de la Unidad a la red de conexi\u00f3n de vac\u00edo centralizado del Hospital, dijo Castro. \u201cTodos los sillones tienen sistema de aspiraci\u00f3n que permite extraer los aerosoles, el l\u00edquido que se genera y la saliva, en las atenciones dentales. Cada sill\u00f3n tiene un sistema propio, donde se encentra conectado a esta red, produciendo aspiraci\u00f3n de forma m\u00e1s eficiente\u201d, coment\u00f3 el odont\u00f3logo.<\/p>\n<p>El nuevo sistema de extracci\u00f3n permite realizar atenciones cada 20 minutos con aire recambiado y sin presencia de aerosoles.<\/p>\n","protected":false},"excerpt":{"rendered":"<p>Con el objetivo de continuar otorgando permanentemente una atenci\u00f3n de calidad y con altos \u00edndices de seguridad, el Hospital Provincial del Huasco instal\u00f3 en los&hellip; <\/p>\n","protected":false},"author":2,"featured_media":31622,"comment_status":"open","ping_status":"closed","sticky":false,"template":"","format":"standard","meta":{"footnotes":""},"categories":[7,1,2],"tags":[],"class_list":["post-31621","post","type-post","status-publish","format-standard","has-post-thumbnail","hentry","category-atacama","category-provincia-del-huasco-2","category-vallenar"],"_links":{"self":[{"href":"https:\/\/www.radioamigavallenar.cl\/index.php?rest_route=\/wp\/v2\/posts\/31621","targetHints":{"allow":["GET"]}}],"collection":[{"href":"https:\/\/www.radioamigavallenar.cl\/index.php?rest_route=\/wp\/v2\/posts"}],"about":[{"href":"https:\/\/www.radioamigavallenar.cl\/index.php?rest_route=\/wp\/v2\/types\/post"}],"author":[{"embeddable":true,"href":"https:\/\/www.radioamigavallenar.cl\/index.php?rest_route=\/wp\/v2\/users\/2"}],"replies":[{"embeddable":true,"href":"https:\/\/www.radioamigavallenar.cl\/index.php?rest_route=%2Fwp%2Fv2%2Fcomments&post=31621"}],"version-history":[{"count":1,"href":"https:\/\/www.radioamigavallenar.cl\/index.php?rest_route=\/wp\/v2\/posts\/31621\/revisions"}],"predecessor-version":[{"id":31623,"href":"https:\/\/www.radioamigavallenar.cl\/index.php?rest_route=\/wp\/v2\/posts\/31621\/revisions\/31623"}],"wp:featuredmedia":[{"embeddable":true,"href":"https:\/\/www.radioamigavallenar.cl\/index.php?rest_route=\/wp\/v2\/media\/31622"}],"wp:attachment":[{"href":"https:\/\/www.radioamigavallenar.cl\/index.php?rest_route=%2Fwp%2Fv2%2Fmedia&parent=31621"}],"wp:term":[{"taxonomy":"category","embeddable":true,"href":"https:\/\/www.radioamigavallenar.cl\/index.php?rest_route=%2Fwp%2Fv2%2Fcategories&post=31621"},{"taxonomy":"post_tag","embeddable":true,"href":"https:\/\/www.radioamigavallenar.cl\/index.php?rest_route=%2Fwp%2Fv2%2Ftags&post=31621"}],"curies":[{"name":"wp","href":"https:\/\/api.w.org\/{rel}","templated":true}]}}