{"id":31615,"date":"2020-11-03T10:34:29","date_gmt":"2020-11-03T13:34:29","guid":{"rendered":"https:\/\/www.radioamigavallenar.cl\/?p=31615"},"modified":"2020-11-03T10:34:29","modified_gmt":"2020-11-03T13:34:29","slug":"diputada-cicardini-con-que-cara-el-gobierno-ira-al-tc-por-segundo-10-cuando-su-ayuda-ha-sido-5-veces-menos-que-recursos-propios-de-los-trabajadores","status":"publish","type":"post","link":"https:\/\/www.radioamigavallenar.cl\/?p=31615","title":{"rendered":"Diputada Cicardini: \u201cCon qu\u00e9 cara el gobierno ir\u00e1 al TC por segundo 10% cuando su ayuda ha sido 5 veces menos que recursos propios de los trabajadores\u201d"},"content":{"rendered":"<p>Como indignante calific\u00f3 la diputada socialista por Atacama, Daniella Cicardini, el anuncio del gobierno de recurrir al Tribunal Constitucional ante el avance del proyecto de segundo retiro de fondos de las AFP, subrayando que el Ejecutivo no ha entregado alternativa y que el monto de sus ayudas es 5 veces menor a los utilizados por los trabajadores \u201cde su propio bolsillo\u201d.<\/p>\n<p>Las declaraciones de la parlamentaria se enmarcan y sustentan adem\u00e1s en la entrega de los datos del informe \u00abPresupuesto 2021: ayuda para las empresas y costo para los y las trabajadores y trabajadoras\u201d elaborado por profesionales del Partido Socialista, que indica que los trabajadores y trabajadoras han concurrido mayoritariamente con sus propios fondos a enfrentar la crisis, con cerca de 17.500 millones de d\u00f3lares.<\/p>\n<p>Dicha cifra se desglosa en m\u00e1s de 16 mil millones por el retiro del 10% de las AFP y 1.500 millones de sus cuentas del Seguro de Cesant\u00eda, a trav\u00e9s de la Ley de Protecci\u00f3n del Empleo.<\/p>\n<p>En esa l\u00ednea, la diputada subray\u00f3 que \u201clo que nos est\u00e1n diciendo estos datos es que el aporte de los ahorros de los propios trabajadores y trabajadoras es casi cinco veces m\u00e1s que todo el apoyo del gobierno, que no ha llegado a todos, y que durante esta crisis a entregado solo 5 mil millones de d\u00f3lares en ayuda directa, sumando incluso los bonos covid, el IFE, el Bono Clase Media, y otros\u201d.<\/p>\n<p>\u201cDe eso estamos hablando cuando decimos que la crisis de la pandemia la han pagado los trabajadores, y por eso nos indigna y nos preguntamos con qu\u00e9 cara el gobierno y el ministro de Hacienda anuncian que recurrir\u00e1n al Tribunal Constitucional si se aprueba el segundo retiro del 10%, cuando ellos no han dado ninguna alternativa verdadera y que llegue a todos\u201d, fustig\u00f3.<\/p>\n<p>En esa l\u00ednea, Cicardini agreg\u00f3 que \u201chemos dicho una y otra vez que no queremos ni nos gusta que la gente tenga que recurrir ni a su seguro de cesant\u00eda, ni a sus fondos de pensiones; pero a 8 meses del inicio de la pandemia este gobierno no solo ha sido incapaz de ofrecer una alternativa sino que adem\u00e1s pretende cortarle los caminos a la gente a sus propios recursos anunciando que si se aprueba ir\u00e1 al TC para impedir el segundo retiro del 10% de las AFP\u201d.<\/p>\n<p>\u201cOtra vez se amparan en la constituci\u00f3n, ahora para pretender impedir que la gente acceda a sus propios recursos en una emergencia, es decir impedir el derecho de propiedad que tanto defienden para algunas cosas en esa misma constituci\u00f3n; y por otro lado no solo no ofrecen otra alternativa, sino que el mismo ministro de Hacienda ya dijo que \u00a0tampoco har\u00e1n una nueva entrega del Ingreso Familiar de Emergencia\u201d.<\/p>\n<p>\u201cYo le dir\u00eda al gobierno que si no va a ayudar que por lo menos no estorbe, y que con su actitud demuestra que sigue sin entender nada de los problemas de la gente ni de lo que dijo de manera tan contundente en el plebiscito por la Nueva Constituci\u00f3n\u201d, enfatiz\u00f3 la diputada Circardini<\/p>\n<p>El documento elaborado desde el PS, y denominado \u201c, sostiene que los casi 800.000 trabajadores acogidos a la Ley de Protecci\u00f3n del Empleo redujeron sus ingresos \u00a0y agotaron sus fondos de sus cuentas de seguro de cesant\u00eda \u00a0sin recibir ayuda adicional.<\/p>\n<p>En ese sentido, el texto indica que \u201cparticularmente compleja es la situaci\u00f3n de las mujeres frente al mercado laboral, ya que la pandemia ha recargado fuertemente las labores del cuidado de los hijos con las demandas de la educaci\u00f3n remota, el teletrabajo y las tareas del hogar. Esto ha significado su salida del mercado laboral formal y un retroceso en su tasa de participaci\u00f3n en m\u00e1s de 10 puntos en un a\u00f1o\u201d.<\/p>\n<p>Finalmente, el documento del PS se\u00f1ala que el gasto fiscal en la pandemia fue insuficiente y tard\u00edo, creando un cuadro donde los propios trabajadores debieron hacerse cargo con sus ahorros, y que para el 2021, el Gobierno subvalora la persistencia de altas tasas de desempleo.<\/p>\n","protected":false},"excerpt":{"rendered":"<p>Como indignante calific\u00f3 la diputada socialista por Atacama, Daniella Cicardini, el anuncio del gobierno de recurrir al Tribunal Constitucional ante el avance del proyecto de&hellip; <\/p>\n","protected":false},"author":2,"featured_media":31616,"comment_status":"open","ping_status":"closed","sticky":false,"template":"","format":"standard","meta":{"footnotes":""},"categories":[38],"tags":[],"class_list":["post-31615","post","type-post","status-publish","format-standard","has-post-thumbnail","hentry","category-portada-regional"],"_links":{"self":[{"href":"https:\/\/www.radioamigavallenar.cl\/index.php?rest_route=\/wp\/v2\/posts\/31615","targetHints":{"allow":["GET"]}}],"collection":[{"href":"https:\/\/www.radioamigavallenar.cl\/index.php?rest_route=\/wp\/v2\/posts"}],"about":[{"href":"https:\/\/www.radioamigavallenar.cl\/index.php?rest_route=\/wp\/v2\/types\/post"}],"author":[{"embeddable":true,"href":"https:\/\/www.radioamigavallenar.cl\/index.php?rest_route=\/wp\/v2\/users\/2"}],"replies":[{"embeddable":true,"href":"https:\/\/www.radioamigavallenar.cl\/index.php?rest_route=%2Fwp%2Fv2%2Fcomments&post=31615"}],"version-history":[{"count":1,"href":"https:\/\/www.radioamigavallenar.cl\/index.php?rest_route=\/wp\/v2\/posts\/31615\/revisions"}],"predecessor-version":[{"id":31617,"href":"https:\/\/www.radioamigavallenar.cl\/index.php?rest_route=\/wp\/v2\/posts\/31615\/revisions\/31617"}],"wp:featuredmedia":[{"embeddable":true,"href":"https:\/\/www.radioamigavallenar.cl\/index.php?rest_route=\/wp\/v2\/media\/31616"}],"wp:attachment":[{"href":"https:\/\/www.radioamigavallenar.cl\/index.php?rest_route=%2Fwp%2Fv2%2Fmedia&parent=31615"}],"wp:term":[{"taxonomy":"category","embeddable":true,"href":"https:\/\/www.radioamigavallenar.cl\/index.php?rest_route=%2Fwp%2Fv2%2Fcategories&post=31615"},{"taxonomy":"post_tag","embeddable":true,"href":"https:\/\/www.radioamigavallenar.cl\/index.php?rest_route=%2Fwp%2Fv2%2Ftags&post=31615"}],"curies":[{"name":"wp","href":"https:\/\/api.w.org\/{rel}","templated":true}]}}