{"id":31612,"date":"2020-11-03T10:32:14","date_gmt":"2020-11-03T13:32:14","guid":{"rendered":"https:\/\/www.radioamigavallenar.cl\/?p=31612"},"modified":"2020-11-03T12:42:14","modified_gmt":"2020-11-03T15:42:14","slug":"jovenes-participan-de-induccion-para-ayudar-a-difundir-el-patrimonio-paleontologico-de-atacama","status":"publish","type":"post","link":"https:\/\/www.radioamigavallenar.cl\/?p=31612","title":{"rendered":"J\u00f3venes participan de inducci\u00f3n para ayudar a difundir el patrimonio paleontol\u00f3gico de Atacama"},"content":{"rendered":"<p>Esto gracias al programa Transforma Pa\u00eds de INJUV, el cual incluye inducciones sobre patrimonio paleontol\u00f3gico, oficios y saberes de la cultura atacame\u00f1a y sus monumentos.<\/p>\n<p>En el a\u00f1o 2018, el Instituto Nacional de la Juventud (INJUV) y el Ministerio de las Culturas, las Artes y el Patrimonio, iniciaron una alianza para levantar voluntarios que apoyaran actividades patrimoniales. De esta manera, en la actualidad se encuentran ejecutando avances hacia un nuevo programa de voluntariado enfocado en hacer efectiva la participaci\u00f3n de j\u00f3venes en la difusi\u00f3n, visualizaci\u00f3n y valoraci\u00f3n del patrimonio cultural regional.<\/p>\n<p>Es as\u00ed como en la ciudad de Copiap\u00f3, se dio inicio a dos d\u00edas (02 y 03 de octubre) de jornada de inducci\u00f3n en materia paleontol\u00f3gica para j\u00f3venes de la Regi\u00f3n de Atacama, a cargo de profesionales en la materia. Esto con el objetivo de guiar a este grupo en la creaci\u00f3n de piezas visuales y audiovisuales de promoci\u00f3n del patrimonio cultural material e inmaterial del parque paleontol\u00f3gico Los Dedos de Caldera.<\/p>\n<p>Cecilia Simunovic, seremi de las Culturas, las Artes y el Patrimonio, se\u00f1al\u00f3 que \u201cesta es una alianza que lleva alg\u00fan tiempo, donde los j\u00f3venes han sido parte fundamental del proceso. Por ello, hoy sumamos otras iniciativas que ayudan en su proceso formativo, generando identidad y el reconocimiento del patrimonio regional. Como Ministerio de las Culturas, agradecemos el aporte de los j\u00f3venes y los invitamos a ser parte de este nuevo voluntariado que se realizar\u00e1 en terreno durante la pr\u00f3xima semana\u201d.<\/p>\n<p>Por su parte, el seremi de Desarrollo Social y Familia, Luis Morales sostuvo que \u201ccontar con expertos que puedan transmitir sus conocimientos a nuestros j\u00f3venes es esencial, pero, adem\u00e1s, es \u00f3ptimo que la ciudadan\u00eda sepa que se cuenta con la corporaci\u00f3n Paleontol\u00f3gica de Atacama, la cual dar\u00e1 un mayor valor, tal como nos lo ha pedido el Presidente Sebasti\u00e1n Pi\u00f1era, en t\u00e9rminos de diversificar nuestra matriz productiva; aqu\u00ed hay innovaci\u00f3n, turismo y educaci\u00f3n. Es realmente sobrecogedor que nuestros j\u00f3venes sepan de la historia que posee nuestra regi\u00f3n.\u201d<\/p>\n<p>Al respecto, la directora regional del INJUV, Francisca Z\u00e1rate, destac\u00f3 el rol e inter\u00e9s de los j\u00f3venes en la promoci\u00f3n del patrimonio cultural regional. \u201cEste voluntariado patrimonial se realiza a trav\u00e9s del programa Transforma Pa\u00eds del INJUV, que tiene como objetivo aumentar el involucramiento social de la juventud por medio de proyectos de voluntariado, con el fin de fomentar sus potencialidades como ciudadanos activos y responsables, generando un impacto local relevante, ya sea para quienes participan o para quienes se ven beneficiados de manera indirecta\u201d.<\/p>\n<p>En tanto Araceli B\u00e1ez, estudiante de la Universidad de Atacama y participante de esta inducci\u00f3n, se\u00f1al\u00f3 que \u201cse agradece mucho estas actividades y la presencia, preocupaci\u00f3n y dinamismo del equipo de profesionales de INJUV, Museo de Caldera y Paleont\u00f3logos. Aqu\u00ed podemos desarrollar un turismo de inter\u00e9s especial, que puede generar una econom\u00eda sustentable no solo para la comuna de Caldera, sino que para toda la regi\u00f3n\u201d.<\/p>\n<p>Cabe destacar que, la pr\u00f3xima semana los j\u00f3venes se trasladar\u00e1n hasta el parque Paleontol\u00f3gico Los Dedos de Caldera, con el objetivo de crear capsulas audiovisuales mediante un recorrido 3D que quedar\u00e1 en diferentes plataformas para brindar acceso a la comunidad.<\/p>\n<p>Los voluntarios ser\u00e1n parte importante de este proceso dando a conocer la importancia y puesta en valor del este sitio paleontol\u00f3gico de alto inter\u00e9s patrimonial en la regi\u00f3n, producto de la gran cantidad de restos f\u00f3siles que hay en el lugar, y que se encuentran en excelente estado de conservaci\u00f3n, adem\u00e1s de incluir especies \u00fanicas en el mundo.<\/p>\n","protected":false},"excerpt":{"rendered":"<p>Esto gracias al programa Transforma Pa\u00eds de INJUV, el cual incluye inducciones sobre patrimonio paleontol\u00f3gico, oficios y saberes de la cultura atacame\u00f1a y sus monumentos.&hellip; <\/p>\n","protected":false},"author":2,"featured_media":31613,"comment_status":"open","ping_status":"closed","sticky":false,"template":"","format":"standard","meta":{"footnotes":""},"categories":[7],"tags":[],"class_list":["post-31612","post","type-post","status-publish","format-standard","has-post-thumbnail","hentry","category-atacama"],"_links":{"self":[{"href":"https:\/\/www.radioamigavallenar.cl\/index.php?rest_route=\/wp\/v2\/posts\/31612","targetHints":{"allow":["GET"]}}],"collection":[{"href":"https:\/\/www.radioamigavallenar.cl\/index.php?rest_route=\/wp\/v2\/posts"}],"about":[{"href":"https:\/\/www.radioamigavallenar.cl\/index.php?rest_route=\/wp\/v2\/types\/post"}],"author":[{"embeddable":true,"href":"https:\/\/www.radioamigavallenar.cl\/index.php?rest_route=\/wp\/v2\/users\/2"}],"replies":[{"embeddable":true,"href":"https:\/\/www.radioamigavallenar.cl\/index.php?rest_route=%2Fwp%2Fv2%2Fcomments&post=31612"}],"version-history":[{"count":1,"href":"https:\/\/www.radioamigavallenar.cl\/index.php?rest_route=\/wp\/v2\/posts\/31612\/revisions"}],"predecessor-version":[{"id":31614,"href":"https:\/\/www.radioamigavallenar.cl\/index.php?rest_route=\/wp\/v2\/posts\/31612\/revisions\/31614"}],"wp:featuredmedia":[{"embeddable":true,"href":"https:\/\/www.radioamigavallenar.cl\/index.php?rest_route=\/wp\/v2\/media\/31613"}],"wp:attachment":[{"href":"https:\/\/www.radioamigavallenar.cl\/index.php?rest_route=%2Fwp%2Fv2%2Fmedia&parent=31612"}],"wp:term":[{"taxonomy":"category","embeddable":true,"href":"https:\/\/www.radioamigavallenar.cl\/index.php?rest_route=%2Fwp%2Fv2%2Fcategories&post=31612"},{"taxonomy":"post_tag","embeddable":true,"href":"https:\/\/www.radioamigavallenar.cl\/index.php?rest_route=%2Fwp%2Fv2%2Ftags&post=31612"}],"curies":[{"name":"wp","href":"https:\/\/api.w.org\/{rel}","templated":true}]}}