{"id":31605,"date":"2020-11-03T06:00:48","date_gmt":"2020-11-03T09:00:48","guid":{"rendered":"https:\/\/www.radioamigavallenar.cl\/?p=31605"},"modified":"2020-11-02T20:45:35","modified_gmt":"2020-11-02T23:45:35","slug":"mas-de-30-personas-con-discapacidad-participan-en-el-programa-yo-trabajo-del-fosis","status":"publish","type":"post","link":"https:\/\/www.radioamigavallenar.cl\/?p=31605","title":{"rendered":"M\u00e1s de 30 personas con discapacidad participan en el programa Yo Trabajo del FOSIS"},"content":{"rendered":"<ul>\n<li><strong>Iniciativa realizada junto al SENADIS permitir\u00e1 que los usuarios tengan mayores herramientas para insertarse en el mundo laboral<\/strong><\/li>\n<\/ul>\n<p>Con reuni\u00f3n telem\u00e1tica comenz\u00f3 la participaci\u00f3n de 32 personas con discapacidad de la comuna de Copiap\u00f3, en el Programa Yo Trabajo del Fondo de Solidaridad e Inversi\u00f3n Social (FOSIS), iniciativa generada a trav\u00e9s de la labor colaborativa con el Servicio Nacional de la Discapacidad (SENADIS) en la Regi\u00f3n de Atacama, lo que permitir\u00e1 entregar capacitaci\u00f3n y financiar un plan de inserci\u00f3n para los participantes de este programa del gobierno.<\/p>\n<p>Al respecto, la directora regional del FOSIS, Mar\u00eda Teresa Ca\u00f1as, manifest\u00f3 que \u201cel gobierno del presidente Sebasti\u00e1n Pi\u00f1era entrega oportunidades para que las personas que m\u00e1s lo necesitan, puedan salir adelante, y este programa va en esa l\u00ednea, contribuyendo a que 32 personas con discapacidad puedan generar recursos a trav\u00e9s de capacitaci\u00f3n y la obtenci\u00f3n de herramientas o insumos que les permita darles mayores prestaciones para el insertarse en el mundo laboral, sea de manera dependiente o independiente\u201d.<\/p>\n<p>Sumado a esto, la directora regional del SENADIS, Gabriela Villanueva, sostuvo que \u201ces sumamente gratificante dar la bienvenida a las personas con discapacidad que empiezan en el programa, sin duda alguna el \u00e1mbito laboral constituye una actividad necesaria y muy significativa, no s\u00f3lo aporta a la autonom\u00eda y al desarrollo de una vida independiente, sino tambi\u00e9n a la inclusi\u00f3n social de las personas. Este trabajo intersectorial desarrollado con FOSIS va a permitir contribuir a que las personas con discapacidad tengan acceso al mercado laboral y a la generaci\u00f3n de ingresos aut\u00f3nomos\u201d.<\/p>\n<p>El Programa Yo Trabajo del FOSIS entrega capacitaci\u00f3n que prepara para entrar al mundo laboral y adem\u00e1s financiamiento del plan de inserci\u00f3n de personas que pertenecen al 40% m\u00e1s vulnerable (seg\u00fan Registro Social de Hogares) o al Subsistema de Seguridades y Oportunidades. SENADIS particip\u00f3 en este proyecto junto a personas con discapacidad, mediante su experiencia, la articulaci\u00f3n de los listados y la selecci\u00f3n de los usuarios.<\/p>\n<p>De manera remota se est\u00e1 llevando a cabo el seguimiento y capacitaci\u00f3n de este programa. Por el contexto de pandemia por Covid \u2013 19, se est\u00e1 entregando el contenido de las capacitaciones mediante c\u00e1psulas educativas sobre distintos m\u00f3dulos de fortalecimiento de las habilidades, identidad y proyecci\u00f3n personal. Todo con miras a que los usuarios puedan insertarse en el mundo laboral.<\/p>\n<p>M\u00e1s de 20 millones de pesos invirti\u00f3 el gobierno en este proyecto que adem\u00e1s benefici\u00f3 en total a 38 personas. A nivel regional, el programa beneficia a 130 personas, con una inversi\u00f3n regional de cerca de 80 millones de pesos.<\/p>\n","protected":false},"excerpt":{"rendered":"<p>Iniciativa realizada junto al SENADIS permitir\u00e1 que los usuarios tengan mayores herramientas para insertarse en el mundo laboral Con reuni\u00f3n telem\u00e1tica comenz\u00f3 la participaci\u00f3n de&hellip; <\/p>\n","protected":false},"author":2,"featured_media":31606,"comment_status":"open","ping_status":"closed","sticky":false,"template":"","format":"standard","meta":{"footnotes":""},"categories":[7],"tags":[],"class_list":["post-31605","post","type-post","status-publish","format-standard","has-post-thumbnail","hentry","category-atacama"],"_links":{"self":[{"href":"https:\/\/www.radioamigavallenar.cl\/index.php?rest_route=\/wp\/v2\/posts\/31605","targetHints":{"allow":["GET"]}}],"collection":[{"href":"https:\/\/www.radioamigavallenar.cl\/index.php?rest_route=\/wp\/v2\/posts"}],"about":[{"href":"https:\/\/www.radioamigavallenar.cl\/index.php?rest_route=\/wp\/v2\/types\/post"}],"author":[{"embeddable":true,"href":"https:\/\/www.radioamigavallenar.cl\/index.php?rest_route=\/wp\/v2\/users\/2"}],"replies":[{"embeddable":true,"href":"https:\/\/www.radioamigavallenar.cl\/index.php?rest_route=%2Fwp%2Fv2%2Fcomments&post=31605"}],"version-history":[{"count":1,"href":"https:\/\/www.radioamigavallenar.cl\/index.php?rest_route=\/wp\/v2\/posts\/31605\/revisions"}],"predecessor-version":[{"id":31607,"href":"https:\/\/www.radioamigavallenar.cl\/index.php?rest_route=\/wp\/v2\/posts\/31605\/revisions\/31607"}],"wp:featuredmedia":[{"embeddable":true,"href":"https:\/\/www.radioamigavallenar.cl\/index.php?rest_route=\/wp\/v2\/media\/31606"}],"wp:attachment":[{"href":"https:\/\/www.radioamigavallenar.cl\/index.php?rest_route=%2Fwp%2Fv2%2Fmedia&parent=31605"}],"wp:term":[{"taxonomy":"category","embeddable":true,"href":"https:\/\/www.radioamigavallenar.cl\/index.php?rest_route=%2Fwp%2Fv2%2Fcategories&post=31605"},{"taxonomy":"post_tag","embeddable":true,"href":"https:\/\/www.radioamigavallenar.cl\/index.php?rest_route=%2Fwp%2Fv2%2Ftags&post=31605"}],"curies":[{"name":"wp","href":"https:\/\/api.w.org\/{rel}","templated":true}]}}