{"id":31599,"date":"2020-11-03T06:00:20","date_gmt":"2020-11-03T09:00:20","guid":{"rendered":"https:\/\/www.radioamigavallenar.cl\/?p=31599"},"modified":"2020-11-02T20:39:19","modified_gmt":"2020-11-02T23:39:19","slug":"diputado-udi-se-abre-a-aprobar-nuevo-retiro-de-fondos-afp-conoce-quienes-apoyan-la-iniciativa","status":"publish","type":"post","link":"https:\/\/www.radioamigavallenar.cl\/?p=31599","title":{"rendered":"Diputado UDI se abre a aprobar nuevo retiro de fondos AFP: Conoce qui\u00e9nes apoyan la iniciativa"},"content":{"rendered":"<div id=\"mvp-content-main\" class=\"left relative\">\n<p>El diputado por el distrito 20 de la regi\u00f3n del Biob\u00edo,\u00a0<strong>Sergio Bobadilla<\/strong>\u00a0(UDI), se abri\u00f3 a la posibilidad de votar a favor el proyecto que busca que los afiliados puedan realizar un\u00a0<strong>segundo retiro<\/strong>\u00a0de hasta el 10% de sus fondos de AFP.<span id=\"more-223941\"><\/span><\/p>\n<p>Seg\u00fan detall\u00f3 el parlamentario, su voto se encuentra condicionado a si el Gobierno no realiza transferencias directas de dinero a las personas, para entregar una ayuda econ\u00f3mica en el marco de la pandemia de\u00a0coronavirus.<\/p>\n<h2 style=\"text-align: center;\">\u00bfQu\u00e9 dijo Bobadilla?<\/h2>\n<p>\u00abSi no es as\u00ed, por cierto que me he declarado en reflexi\u00f3n profunda en torno a este tema y voy a votar en conciencia. A m\u00ed me gustar\u00eda que el Gobierno, con recursos fiscales,<strong>\u00a0se meta la mano al bolsillo<\/strong>\u00a0y enfrente los efectos de la pandemia, y que no sean los trabajadores con cargo a sus recursos previsionales quienes tengan que asumir este costo\u00bb, manifest\u00f3 el diputado.<\/p>\n<p>\u00abSi esto no ocurre, por cierto que mi votaci\u00f3n va a ser distinta a la votaci\u00f3n que tuve en el primer retiro\u00bb, agreg\u00f3.<\/p>\n<p>Adem\u00e1s, critic\u00f3 que \u00ab<strong>el Gobierno ha estado llegando tarde<\/strong>\u00a0en muchas situaciones, y en esta situaci\u00f3n en particular no est\u00e1 llegando, y eso lo encuentro muy lamentable\u00bb.<\/p>\n<h2 style=\"text-align: center;\">Otros parlamentarios que han apoyado el proyecto<\/h2>\n<h3 style=\"text-align: center;\">Pamela Jiles<\/h3>\n<p>Una de las impulsoras del proyecto, Pamela Jiles,\u00a0adelant\u00f3: \u201cYo le he hecho una promesa a mis nietos, y es que voy hacer lo que sea necesario para que ellos tengan ese dinero que les pertenece para la Navidad\u00bb.<\/p>\n<h3 style=\"text-align: center;\">Ren\u00e9 Saffirio<\/h3>\n<p>El diputado independiente,\u00a0<strong>Ren\u00e9 Saffirio<\/strong>, valor\u00f3 el avance de la iniciativa, comentando que: \u00abPermitir\u00e1 que todas las personas que mantienen sus fondos previsionales en compa\u00f1\u00edas de seguros, habiendo optado por la modalidad de pago mediante renta vitalicia, puedan hacer retiro del 10% de sus fondos, equiparando de esta manera el derecho que tuvieron las personas cuyos fondos son administrados por las AFP\u00bb.<\/p>\n<h3 style=\"text-align: center;\">Andr\u00e9s Celis (RN)<\/h3>\n<p>El parlamentario de RN Andr\u00e9s Celis se\u00f1al\u00f3 a\u00a0<strong>Meganoticias\u00a0<\/strong>que: \u00abEn la idea de legislar en la C\u00e1mara de Diputados nos vamos a encontrar con una sorpresa. Yo me atrever\u00eda a decir que la gran mayor\u00eda de los diputados de Renovaci\u00f3n Nacional va a votar a favor\u00bb.<\/p>\n<p>\u00abYo creo que a lo menos va a haber 110 \u00f3 120 votos a favor cuando esto llegue a la Sala de la C\u00e1mara de Diputados\u00bb, a\u00f1adi\u00f3.<\/p>\n<h3 style=\"text-align: center;\">Marcos Ilabaca<\/h3>\n<p>El diputado (PS) manifest\u00f3 que: \u00abEstamos muy esperanzados de darles buenas noticias a Chile, en orden a que puedan retirar sus fondos para poder enfrentar uno de los momentos m\u00e1s duros en la historia de nuestro pa\u00eds\u00bb.<\/p>\n<h3 style=\"text-align: center;\">Ximena Rinc\u00f3n<\/h3>\n<p>La senadora de la Democracia Cristiana,\u00a0<strong>Ximena Rinc\u00f3n<\/strong>, afirm\u00f3 sobre el tema: \u00abAnte la inoperancia del Gobierno y las necesidades de hombres y mujeres de nuestro pa\u00eds, se hace casi inevitable tener que respaldar este segundo 10%\u00bb.<\/p>\n<p>\u00abEs impresionante c\u00f3mo los ministros y el propio Presidente Pi\u00f1era no entienden el drama que est\u00e1 viviendo la clase media de nuestro pa\u00eds, que no califica para los bonos, no tiene pr\u00e9stamos y est\u00e1 ad portas de perder su casa. Creemos que es fundamental que el Presidente Pi\u00f1era entienda que se hace urgente una ayuda directa a hombres y mujeres trabajadoras y trabajadores de nuestro pa\u00eds\u00bb.<\/p>\n<h3 style=\"text-align: center;\">Bancada PC<\/h3>\n<p>En una declaraci\u00f3n p\u00fablica, desde la bancada de diputados del\u00a0<strong>Partido Comunista<\/strong>\u00a0(PC) lamentaron \u00abque ante la pandemia el Gobierno mantenga total incapacidad de presentar un verdadero plan de protecci\u00f3n econ\u00f3mica y social para las familias del pa\u00eds. En ese contexto, de crisis econ\u00f3mica y absoluta desprotecci\u00f3n de los y las trabajadoras, se hace necesario aprobar la iniciativa de un segundo retiro del 10% de los fondos previsionales, por lo que votaremos a favor de esta iniciativa\u00bb.<\/p>\n<h3 style=\"text-align: center;\">Bancada PPD<\/h3>\n<p>El jefe de la bancada del\u00a0Partido por la Democracia\u00a0(PPD),<strong>\u00a0Ra\u00fal Soto<\/strong>, inform\u00f3: \u00abComo autores de uno de los proyectos que permiti\u00f3 el primer retiro del 10%, hemos decidido ser consecuentes y respaldar el proyecto que permite un segundo retiro de los fondos previsionales como una manera de mitigar los efectos de la pandemia del Covid-19\u00bb.<\/p>\n<p>\u00abMientras el Gobierno no ponga sobre la mesa una transferencia directa de recursos como lo es una Renta B\u00e1sica de Emergencia, que asegure un ingreso importante a las familias de clase media y de sectores vulnerables del pa\u00eds, es imposible no apoyar esta iniciativa\u00bb, a\u00f1adi\u00f3.<\/p>\n<h2 style=\"text-align: center;\">Apoyo en comisi\u00f3n de Constituci\u00f3n<\/h2>\n<p>El martes 27 de octubre aprobaron en general la iniciativa, en la Comisi\u00f3n de Constituci\u00f3n, 11 parlamentarios entre los que se cuentan cuatro del oficialismo.<\/p>\n<p>Los parlamentarios de\u00a0<strong>Chile Vamos<\/strong>\u00a0que apoyaron la iniciativa fueron:<\/p>\n<ul>\n<li>Sebasti\u00e1n \u00c1lvarez (Ev\u00f3poli, en reemplazo de Luciano Cruz-Coke).<\/li>\n<li>Eduardo Dur\u00e1n (RN) en reemplazo de Camila Flores.<\/li>\n<li>Andr\u00e9s Celis (RN) en reemplazo de Gonzalo Fuenzalida.<\/li>\n<li>Miguel Mellado (RN) en reemplazo de Paulina N\u00fa\u00f1ez.<\/li>\n<\/ul>\n<p>Por la oposici\u00f3n el respaldo a la iniciativa fue total:<\/p>\n<ul>\n<li>Pamela Jiles (PL).<\/li>\n<li>Marcos Ilabaca (PS).<\/li>\n<li>Mat\u00edas Walker (DC).<\/li>\n<li>Hugo Guti\u00e9rrez (PC).<\/li>\n<li>Gabriel Boric (CS).<\/li>\n<li>Leonardo Soto (PS).<\/li>\n<li>Ren\u00e9 Saffirio (Ind).<\/li>\n<\/ul>\n<\/div>\n<div id=\"mvp-content-bot\" class=\"left\">\n<div class=\"mvp-post-tags\"><\/div>\n<\/div>\n","protected":false},"excerpt":{"rendered":"<p>El diputado por el distrito 20 de la regi\u00f3n del Biob\u00edo,\u00a0Sergio Bobadilla\u00a0(UDI), se abri\u00f3 a la posibilidad de votar a favor el proyecto que busca&hellip; <\/p>\n","protected":false},"author":2,"featured_media":31600,"comment_status":"open","ping_status":"closed","sticky":false,"template":"","format":"standard","meta":{"footnotes":""},"categories":[37],"tags":[],"class_list":["post-31599","post","type-post","status-publish","format-standard","has-post-thumbnail","hentry","category-nacional"],"_links":{"self":[{"href":"https:\/\/www.radioamigavallenar.cl\/index.php?rest_route=\/wp\/v2\/posts\/31599","targetHints":{"allow":["GET"]}}],"collection":[{"href":"https:\/\/www.radioamigavallenar.cl\/index.php?rest_route=\/wp\/v2\/posts"}],"about":[{"href":"https:\/\/www.radioamigavallenar.cl\/index.php?rest_route=\/wp\/v2\/types\/post"}],"author":[{"embeddable":true,"href":"https:\/\/www.radioamigavallenar.cl\/index.php?rest_route=\/wp\/v2\/users\/2"}],"replies":[{"embeddable":true,"href":"https:\/\/www.radioamigavallenar.cl\/index.php?rest_route=%2Fwp%2Fv2%2Fcomments&post=31599"}],"version-history":[{"count":1,"href":"https:\/\/www.radioamigavallenar.cl\/index.php?rest_route=\/wp\/v2\/posts\/31599\/revisions"}],"predecessor-version":[{"id":31601,"href":"https:\/\/www.radioamigavallenar.cl\/index.php?rest_route=\/wp\/v2\/posts\/31599\/revisions\/31601"}],"wp:featuredmedia":[{"embeddable":true,"href":"https:\/\/www.radioamigavallenar.cl\/index.php?rest_route=\/wp\/v2\/media\/31600"}],"wp:attachment":[{"href":"https:\/\/www.radioamigavallenar.cl\/index.php?rest_route=%2Fwp%2Fv2%2Fmedia&parent=31599"}],"wp:term":[{"taxonomy":"category","embeddable":true,"href":"https:\/\/www.radioamigavallenar.cl\/index.php?rest_route=%2Fwp%2Fv2%2Fcategories&post=31599"},{"taxonomy":"post_tag","embeddable":true,"href":"https:\/\/www.radioamigavallenar.cl\/index.php?rest_route=%2Fwp%2Fv2%2Ftags&post=31599"}],"curies":[{"name":"wp","href":"https:\/\/api.w.org\/{rel}","templated":true}]}}