{"id":31596,"date":"2020-11-03T06:00:19","date_gmt":"2020-11-03T09:00:19","guid":{"rendered":"https:\/\/www.radioamigavallenar.cl\/?p=31596"},"modified":"2020-11-02T20:37:18","modified_gmt":"2020-11-02T23:37:18","slug":"sernapesca-atacama-incauto-mas-de-24-toneladas-de-algas-en-veda","status":"publish","type":"post","link":"https:\/\/www.radioamigavallenar.cl\/?p=31596","title":{"rendered":"Sernapesca Atacama incaut\u00f3 m\u00e1s de 24 toneladas de algas en veda"},"content":{"rendered":"<p>Una denuncia por extracci\u00f3n ilegal de algas en Caleta Angosta, al sur de la regi\u00f3n de Atacama, activ\u00f3 un operativo que involucr\u00f3 a las tres oficinas del Servicio Nacional de Pesca y Acuicultura (SERNAPESCA) en esa regi\u00f3n, el cual culmin\u00f3 con la incautaci\u00f3n de 23,5 toneladas de huiro negro y 822 kilos de huiro palo.<span id=\"more-223929\"><\/span><\/p>\n<p>El operativo comenz\u00f3 a eso de las 8:30 de la ma\u00f1ana, cuando personal de la oficina de Huasco recibi\u00f3 una llamada telef\u00f3nica informando que un cami\u00f3n se encontraba cargando huiro barreteado (arrancado ilegalmente con un chuzo o barreta) en caleta Angosta, para luego dirigirse hacia el norte de la regi\u00f3n.<\/p>\n<p>Desde la oficina de Huasco avisaron a los colegas de la Direcci\u00f3n Regional en Caldera, quienes a eso de las 16:00 horas detectaron el cami\u00f3n en la carretera y lo siguieron para ver qu\u00e9 direcci\u00f3n segu\u00eda. Al verificar que segu\u00eda rumbo al norte dieron a su vez aviso a la oficina de Cha\u00f1aral, quienes en coordinaci\u00f3n con Carabineros de esa comuna, finalmente interceptaron y detuvieron el veh\u00edculo.<\/p>\n<p>Al hacer la revisi\u00f3n de la carga, se confirm\u00f3 que se trataba de un importante cargamento de huiro negro, recurso actualmente en veda, y de una partida menor de huiro palo, el cual se encuentra en veda entre desde el 01 octubre y hasta el 31 de diciembre.<\/p>\n<p>Asimismo, los inspectores del Servicio detectaron que el transportista \u2013que trabaja para una comercializadora de Tocopilla, regi\u00f3n de Antofagasta- ten\u00eda ya una citaci\u00f3n por una infracci\u00f3n similar el pasado 29 de julio, reincidencia que podr\u00eda agravar la sanci\u00f3n por este nuevo incumplimiento. Todos los antecedentes fueron puestos a disposici\u00f3n del Primer Juzgado de Letras de Cha\u00f1aral.<\/p>\n<p>El Director Regional de Sernapesca, Guillermo Mery, destac\u00f3 el trabajo de coordinaci\u00f3n realizado tanto entre las oficinas de la repartici\u00f3n, como con Carabineros de Chile, particularmente con los efectivos de Cha\u00f1aral que realizaron la detenci\u00f3n del veh\u00edculo en la ruta 5 norte.<\/p>\n<p>\u201cEsto refleja el compromiso que tanto nuestra instituci\u00f3n como otros organismos fiscalizadores, tenemos con la protecci\u00f3n de estos recursos, esenciales para el ecosistema marino de la regi\u00f3n, y de una gran importancia econ\u00f3mica para muchas familias, cuando es aprovechado de manera racional, sustentable y apegado a la normativa\u201d, dijo la autoridad.<\/p>\n<p>Finalmente, Mery agradeci\u00f3 a la ciudadan\u00eda \u201cque en forma responsable hace denuncias sobre las actividades ilegales. Esto facilita la labor que hacemos las instituciones que fiscalizamos la Ley de Pesca, como Carabineros, la Armada y Sernapesca. El alga es un recurso que est\u00e1 con plan de manejo en la regi\u00f3n, por lo tanto respetar esta medida, permite que este recurso sea sustentable en el tiempo\u00bb.<\/p>\n","protected":false},"excerpt":{"rendered":"<p>Una denuncia por extracci\u00f3n ilegal de algas en Caleta Angosta, al sur de la regi\u00f3n de Atacama, activ\u00f3 un operativo que involucr\u00f3 a las tres&hellip; <\/p>\n","protected":false},"author":2,"featured_media":31597,"comment_status":"open","ping_status":"closed","sticky":false,"template":"","format":"standard","meta":{"footnotes":""},"categories":[7,6],"tags":[],"class_list":["post-31596","post","type-post","status-publish","format-standard","has-post-thumbnail","hentry","category-atacama","category-policial"],"_links":{"self":[{"href":"https:\/\/www.radioamigavallenar.cl\/index.php?rest_route=\/wp\/v2\/posts\/31596","targetHints":{"allow":["GET"]}}],"collection":[{"href":"https:\/\/www.radioamigavallenar.cl\/index.php?rest_route=\/wp\/v2\/posts"}],"about":[{"href":"https:\/\/www.radioamigavallenar.cl\/index.php?rest_route=\/wp\/v2\/types\/post"}],"author":[{"embeddable":true,"href":"https:\/\/www.radioamigavallenar.cl\/index.php?rest_route=\/wp\/v2\/users\/2"}],"replies":[{"embeddable":true,"href":"https:\/\/www.radioamigavallenar.cl\/index.php?rest_route=%2Fwp%2Fv2%2Fcomments&post=31596"}],"version-history":[{"count":1,"href":"https:\/\/www.radioamigavallenar.cl\/index.php?rest_route=\/wp\/v2\/posts\/31596\/revisions"}],"predecessor-version":[{"id":31598,"href":"https:\/\/www.radioamigavallenar.cl\/index.php?rest_route=\/wp\/v2\/posts\/31596\/revisions\/31598"}],"wp:featuredmedia":[{"embeddable":true,"href":"https:\/\/www.radioamigavallenar.cl\/index.php?rest_route=\/wp\/v2\/media\/31597"}],"wp:attachment":[{"href":"https:\/\/www.radioamigavallenar.cl\/index.php?rest_route=%2Fwp%2Fv2%2Fmedia&parent=31596"}],"wp:term":[{"taxonomy":"category","embeddable":true,"href":"https:\/\/www.radioamigavallenar.cl\/index.php?rest_route=%2Fwp%2Fv2%2Fcategories&post=31596"},{"taxonomy":"post_tag","embeddable":true,"href":"https:\/\/www.radioamigavallenar.cl\/index.php?rest_route=%2Fwp%2Fv2%2Ftags&post=31596"}],"curies":[{"name":"wp","href":"https:\/\/api.w.org\/{rel}","templated":true}]}}