{"id":31594,"date":"2020-11-03T06:00:23","date_gmt":"2020-11-03T09:00:23","guid":{"rendered":"https:\/\/www.radioamigavallenar.cl\/?p=31594"},"modified":"2020-11-02T20:36:15","modified_gmt":"2020-11-02T23:36:15","slug":"enami-abre-270-cupos-en-capacitaciones-online-para-la-pequena-mineria","status":"publish","type":"post","link":"https:\/\/www.radioamigavallenar.cl\/?p=31594","title":{"rendered":"ENAMI abre 270 cupos en capacitaciones online para la peque\u00f1a miner\u00eda"},"content":{"rendered":"<p><strong>Son siete cursos de formaci\u00f3n que se impartir\u00e1n entre el 9 de noviembre y el 11 de diciembre para productores mineros activos. Para inscribirse se debe tomar contacto con las Oficinas Mineras de la estatal a lo largo del pa\u00eds.\u00a0<\/strong><span id=\"more-223933\"><\/span><\/p>\n<p>A fin de dar un impulso a los productores mineros del pa\u00eds, la Empresa Nacional de Miner\u00eda (ENAMI) ha concretado diversas herramientas e instrumentos a lo largo de este 2020, los que a ra\u00edz de la pandemia del covid-19, han tomado una nueva relevancia para generar mayores oportunidades de fomento efectivo para el sector productivo. Dando continuidad a este compromiso, la estatal inici\u00f3 el proceso de inscripci\u00f3n a la l\u00ednea de capacitaci\u00f3n del Programa de Desarrollo de Capacidades Competitivas, que busca elevar los conocimientos de los peque\u00f1os mineros en \u00e1reas t\u00e9cnicas de operaci\u00f3n, administraci\u00f3n y gesti\u00f3n del negocio minero.<\/p>\n<p>En esa l\u00ednea, por medio de la gerencia de Fomento y Miner\u00eda, se impartir\u00e1n siete cursos totalmente online, entre el 9 de noviembre y 11 de diciembre para aquellos trabajadores de la miner\u00eda y productores de menor escala activos en los registros de ENAMI.<\/p>\n<p>\u201cUna de las instancias fundamentales de nuestro quehacer son las oportunidades de capacitaci\u00f3n que ofrecemos a los productores y trabajadores de la peque\u00f1a miner\u00eda del pa\u00eds, por lo que el llamado de ENAMI es a participar en estas instancias de formaci\u00f3n que permiten robustecer conocimiento y capacidades t\u00e9cnicas que aportan a elevar est\u00e1ndares productivos y de seguridad de la actividad minera de menor escala de nuestro pa\u00eds,\u201d, enfatiz\u00f3 el gerente de Fomento y Miner\u00eda de ENAMI, Felipe Carrasco Matas.<\/p>\n<p>Durante cinco semanas, los productores y trabajadores de la peque\u00f1a miner\u00eda podr\u00e1n complementar y profundizar sus conocimientos en gesti\u00f3n de costos; ventilaci\u00f3n interior mina; legislaci\u00f3n y responsabilidad legal en la peque\u00f1a miner\u00eda; preparaci\u00f3n y obtenci\u00f3n del carnet manipulador de explosivos del carb\u00f3n, seguridad minera y medio ambiente; y preparaci\u00f3n y obtenci\u00f3n del carnet manipulador de explosivos del cobre.<\/p>\n<p>\u00bfC\u00f3mo participar? Para el total de las capacitaciones existen 270 cupos y el proceso de inscripci\u00f3n es a trav\u00e9s de las oficinas mineras que posee ENAMI a lo largo del pa\u00eds, cuya informaci\u00f3n se puede revisar en www.enami.cl. Asimismo, las clases se impartir\u00e1n a trav\u00e9s de una plataforma virtual, por lo que es necesario que los participantes posean alg\u00fan dispositivo electr\u00f3nico, asimismo ENAMI gestionar\u00e1 el acceso a los cursos para quienes sea necesario.<\/p>\n","protected":false},"excerpt":{"rendered":"<p>Son siete cursos de formaci\u00f3n que se impartir\u00e1n entre el 9 de noviembre y el 11 de diciembre para productores mineros activos. Para inscribirse se&hellip; <\/p>\n","protected":false},"author":2,"featured_media":29441,"comment_status":"open","ping_status":"closed","sticky":false,"template":"","format":"standard","meta":{"footnotes":""},"categories":[7,38],"tags":[],"class_list":["post-31594","post","type-post","status-publish","format-standard","has-post-thumbnail","hentry","category-atacama","category-portada-regional"],"_links":{"self":[{"href":"https:\/\/www.radioamigavallenar.cl\/index.php?rest_route=\/wp\/v2\/posts\/31594","targetHints":{"allow":["GET"]}}],"collection":[{"href":"https:\/\/www.radioamigavallenar.cl\/index.php?rest_route=\/wp\/v2\/posts"}],"about":[{"href":"https:\/\/www.radioamigavallenar.cl\/index.php?rest_route=\/wp\/v2\/types\/post"}],"author":[{"embeddable":true,"href":"https:\/\/www.radioamigavallenar.cl\/index.php?rest_route=\/wp\/v2\/users\/2"}],"replies":[{"embeddable":true,"href":"https:\/\/www.radioamigavallenar.cl\/index.php?rest_route=%2Fwp%2Fv2%2Fcomments&post=31594"}],"version-history":[{"count":1,"href":"https:\/\/www.radioamigavallenar.cl\/index.php?rest_route=\/wp\/v2\/posts\/31594\/revisions"}],"predecessor-version":[{"id":31595,"href":"https:\/\/www.radioamigavallenar.cl\/index.php?rest_route=\/wp\/v2\/posts\/31594\/revisions\/31595"}],"wp:featuredmedia":[{"embeddable":true,"href":"https:\/\/www.radioamigavallenar.cl\/index.php?rest_route=\/wp\/v2\/media\/29441"}],"wp:attachment":[{"href":"https:\/\/www.radioamigavallenar.cl\/index.php?rest_route=%2Fwp%2Fv2%2Fmedia&parent=31594"}],"wp:term":[{"taxonomy":"category","embeddable":true,"href":"https:\/\/www.radioamigavallenar.cl\/index.php?rest_route=%2Fwp%2Fv2%2Fcategories&post=31594"},{"taxonomy":"post_tag","embeddable":true,"href":"https:\/\/www.radioamigavallenar.cl\/index.php?rest_route=%2Fwp%2Fv2%2Ftags&post=31594"}],"curies":[{"name":"wp","href":"https:\/\/api.w.org\/{rel}","templated":true}]}}