{"id":31589,"date":"2020-11-03T06:00:43","date_gmt":"2020-11-03T09:00:43","guid":{"rendered":"https:\/\/www.radioamigavallenar.cl\/?p=31589"},"modified":"2020-11-02T20:33:14","modified_gmt":"2020-11-02T23:33:14","slug":"ministro-prokurica-destaca-a-la-mineria-como-el-gran-sector-economico-con-imacec-positivo","status":"publish","type":"post","link":"https:\/\/www.radioamigavallenar.cl\/?p=31589","title":{"rendered":"Ministro Prokurica destaca a la miner\u00eda como el gran sector econ\u00f3mico con IMACEC positivo"},"content":{"rendered":"<p><strong>El Secretario de Estado afirm\u00f3 que la variaci\u00f3n acumulada entre enero-septiembre de la actividad econ\u00f3mica de la miner\u00eda es de 1,7%, mientras que el IMACEC no minero cay\u00f3 8,7% en el mismo per\u00edodo.<\/strong><span id=\"more-223939\"><\/span><\/p>\n<p>El ministro de Miner\u00eda,\u00a0<strong>Baldo Prokurica<\/strong>, destac\u00f3 que el sector minero registra un\u00a0<strong>\u00cdndice Mensual de Actividad Econ\u00f3mica<\/strong>\u00a0(Imacec) acumulado positivo durante este a\u00f1o, pese a la pandemia del coronavirus.<\/p>\n<p>\u201cLa miner\u00eda es un sector econ\u00f3mico que se ha mantenido de pie y si uno mira los nueve meses del a\u00f1o (enero-septiembre), tenemos un promedio acumulado de 1,7% de Imacec positivo. Si comparamos con el Imacec no minero, que es una medici\u00f3n que entrega el Banco Central, el resto de las actividades econ\u00f3micas registr\u00f3 -8,7% en el mismo per\u00edodo\u201d, asegur\u00f3 el ministro Baldo Prokurica.<\/p>\n<p>El titular de Miner\u00eda agreg\u00f3 que estas cifras muestran que la variaci\u00f3n acumulada del Imacec minero este a\u00f1o es 10,4 puntos superior a aquella del Imacec no minero.<\/p>\n<p>\u201cLa miner\u00eda sigue siendo la locomotora de la econom\u00eda nacional. Ese mayor dinamismo econ\u00f3mico de la miner\u00eda permitir\u00e1 entregar casi US$ 3 mil millones de recursos al Fisco, que son extremadamente necesarios, porque el gobierno del Presidente Pi\u00f1era ha tomado compromisos por m\u00e1s de US$ 30 mil millones para ayudar a las familias chilenas que lo han perdido todo producto del coronavirus\u201d.<\/p>\n<p>Prokurica explic\u00f3 que de los nueve meses de Imacec informados por el Banco Central este a\u00f1o (enero-septiembre), en siete meses ha habido cifras azules, mientras que en agosto y septiembre tuvo cifras rojas, pero muy inferiores a las experimentadas por el resto de los sectores productivos.<\/p>\n","protected":false},"excerpt":{"rendered":"<p>El Secretario de Estado afirm\u00f3 que la variaci\u00f3n acumulada entre enero-septiembre de la actividad econ\u00f3mica de la miner\u00eda es de 1,7%, mientras que el IMACEC&hellip; <\/p>\n","protected":false},"author":2,"featured_media":22198,"comment_status":"open","ping_status":"closed","sticky":false,"template":"","format":"standard","meta":{"footnotes":""},"categories":[7,34],"tags":[],"class_list":["post-31589","post","type-post","status-publish","format-standard","has-post-thumbnail","hentry","category-atacama","category-mineria"],"_links":{"self":[{"href":"https:\/\/www.radioamigavallenar.cl\/index.php?rest_route=\/wp\/v2\/posts\/31589","targetHints":{"allow":["GET"]}}],"collection":[{"href":"https:\/\/www.radioamigavallenar.cl\/index.php?rest_route=\/wp\/v2\/posts"}],"about":[{"href":"https:\/\/www.radioamigavallenar.cl\/index.php?rest_route=\/wp\/v2\/types\/post"}],"author":[{"embeddable":true,"href":"https:\/\/www.radioamigavallenar.cl\/index.php?rest_route=\/wp\/v2\/users\/2"}],"replies":[{"embeddable":true,"href":"https:\/\/www.radioamigavallenar.cl\/index.php?rest_route=%2Fwp%2Fv2%2Fcomments&post=31589"}],"version-history":[{"count":1,"href":"https:\/\/www.radioamigavallenar.cl\/index.php?rest_route=\/wp\/v2\/posts\/31589\/revisions"}],"predecessor-version":[{"id":31590,"href":"https:\/\/www.radioamigavallenar.cl\/index.php?rest_route=\/wp\/v2\/posts\/31589\/revisions\/31590"}],"wp:featuredmedia":[{"embeddable":true,"href":"https:\/\/www.radioamigavallenar.cl\/index.php?rest_route=\/wp\/v2\/media\/22198"}],"wp:attachment":[{"href":"https:\/\/www.radioamigavallenar.cl\/index.php?rest_route=%2Fwp%2Fv2%2Fmedia&parent=31589"}],"wp:term":[{"taxonomy":"category","embeddable":true,"href":"https:\/\/www.radioamigavallenar.cl\/index.php?rest_route=%2Fwp%2Fv2%2Fcategories&post=31589"},{"taxonomy":"post_tag","embeddable":true,"href":"https:\/\/www.radioamigavallenar.cl\/index.php?rest_route=%2Fwp%2Fv2%2Ftags&post=31589"}],"curies":[{"name":"wp","href":"https:\/\/api.w.org\/{rel}","templated":true}]}}