{"id":30568,"date":"2020-10-12T09:02:03","date_gmt":"2020-10-12T12:02:03","guid":{"rendered":"https:\/\/www.radioamigavallenar.cl\/?p=30568"},"modified":"2020-10-12T09:02:03","modified_gmt":"2020-10-12T12:02:03","slug":"fosis-invita-a-vecinos-a-participar-de-programa-comunitario-en-localidad-de-maitencillo","status":"publish","type":"post","link":"https:\/\/www.radioamigavallenar.cl\/?p=30568","title":{"rendered":"FOSIS invita a vecinos a participar de programa comunitario en localidad de Maitencillo"},"content":{"rendered":"<p>A trav\u00e9s del Programa Acci\u00f3n Local, que se implementar\u00e1 en Freirina, se busca encontrar soluciones en conjunto a problemas que afectan a barrios vulnerables<\/p>\n<p>Con el prop\u00f3sito de tener mayor adhesi\u00f3n y generar un plan de trabajo participativo, el Fondo de Solidaridad e Inversi\u00f3n Social (FOSIS) hace un llamado a los vecinos y vecinas de la localidad de Maitencillo de Freirina a participar en el Programa Acci\u00f3n Local, iniciativa que busca fortalecer el capital social comunitario a trav\u00e9s de la articulaci\u00f3n del trabajo conjunto entre uniones vecinales, organizaciones sociales y comunidades del territorio.<\/p>\n<p>Sobre este tema, la Directora Regional del FOSIS, Mar\u00eda Teresa Ca\u00f1as, manifest\u00f3 que \u201cestamos invitando a todos los vecinos, comunidades y organizaciones de la localidad de Maitencillo a que participen de este programa que estamos implementando como Gobierno. Queremos que entre todos podamos buscar las mejores opciones para impulsar alguna iniciativa local que permita contribuir a sacar adelante a las familias del sector, con \u00e9nfasis fundamental en el desarrollo comunitario, la participaci\u00f3n ciudadana y la gobernanza local\u201d.<\/p>\n<p>Actualmente el programa Acci\u00f3n Local del FOSIS se encuentran en la etapa de conformaci\u00f3n del grupo motor que encabezar\u00e1n el trabajo por parte de la comunidad de Maitencillo, tanto del sector Santa Rosa como de Villa Las Palmeras.<\/p>\n<p>De acuerdo con lo manifestado por la directora del FOSIS, la idea es que los vecinos y vecinas del sector desde ya se acerquen a sus dirigentes vecinales y puedan participar del proceso de selecci\u00f3n de los l\u00edderes comunitarios en este programa, y que posteriormente sigan participando para contribuir con propuestas e ideas para desarrollar este trabajo comunitario.<\/p>\n<p>El Programa Acci\u00f3n Local contempla talleres y mesas de trabajo por un periodo de alrededor de 2 a\u00f1os de ejecuci\u00f3n del proyecto, en el que se pueden impulsar iniciativas locales por un monto de inversi\u00f3n de 11 millones de pesos, recursos del gobierno que est\u00e1n destinados a dar soluci\u00f3n a materias que los vecinos deliberen con la asesor\u00eda de los profesionales del FOSIS.<\/p>\n<p>Anteriormente, las uniones vecinales de Villa Las Palmeras y Santa Rosa de Maitencillo trabajaron junto al FOSIS en programas similares de manera separada, y debido al \u00e9xito de esos programas, se extendi\u00f3 el trabajo comunitario en dicho sector de la comuna a trav\u00e9s del Programa Acci\u00f3n Local que brinda formaci\u00f3n y acompa\u00f1amiento socio comunitario<\/p>\n","protected":false},"excerpt":{"rendered":"<p>A trav\u00e9s del Programa Acci\u00f3n Local, que se implementar\u00e1 en Freirina, se busca encontrar soluciones en conjunto a problemas que afectan a barrios vulnerables Con&hellip; <\/p>\n","protected":false},"author":2,"featured_media":30569,"comment_status":"open","ping_status":"closed","sticky":false,"template":"","format":"standard","meta":{"footnotes":""},"categories":[7,3,38],"tags":[],"class_list":["post-30568","post","type-post","status-publish","format-standard","has-post-thumbnail","hentry","category-atacama","category-freirina","category-portada-regional"],"_links":{"self":[{"href":"https:\/\/www.radioamigavallenar.cl\/index.php?rest_route=\/wp\/v2\/posts\/30568","targetHints":{"allow":["GET"]}}],"collection":[{"href":"https:\/\/www.radioamigavallenar.cl\/index.php?rest_route=\/wp\/v2\/posts"}],"about":[{"href":"https:\/\/www.radioamigavallenar.cl\/index.php?rest_route=\/wp\/v2\/types\/post"}],"author":[{"embeddable":true,"href":"https:\/\/www.radioamigavallenar.cl\/index.php?rest_route=\/wp\/v2\/users\/2"}],"replies":[{"embeddable":true,"href":"https:\/\/www.radioamigavallenar.cl\/index.php?rest_route=%2Fwp%2Fv2%2Fcomments&post=30568"}],"version-history":[{"count":1,"href":"https:\/\/www.radioamigavallenar.cl\/index.php?rest_route=\/wp\/v2\/posts\/30568\/revisions"}],"predecessor-version":[{"id":30570,"href":"https:\/\/www.radioamigavallenar.cl\/index.php?rest_route=\/wp\/v2\/posts\/30568\/revisions\/30570"}],"wp:featuredmedia":[{"embeddable":true,"href":"https:\/\/www.radioamigavallenar.cl\/index.php?rest_route=\/wp\/v2\/media\/30569"}],"wp:attachment":[{"href":"https:\/\/www.radioamigavallenar.cl\/index.php?rest_route=%2Fwp%2Fv2%2Fmedia&parent=30568"}],"wp:term":[{"taxonomy":"category","embeddable":true,"href":"https:\/\/www.radioamigavallenar.cl\/index.php?rest_route=%2Fwp%2Fv2%2Fcategories&post=30568"},{"taxonomy":"post_tag","embeddable":true,"href":"https:\/\/www.radioamigavallenar.cl\/index.php?rest_route=%2Fwp%2Fv2%2Ftags&post=30568"}],"curies":[{"name":"wp","href":"https:\/\/api.w.org\/{rel}","templated":true}]}}