{"id":30560,"date":"2020-10-12T08:51:38","date_gmt":"2020-10-12T11:51:38","guid":{"rendered":"https:\/\/www.radioamigavallenar.cl\/?p=30560"},"modified":"2020-10-12T08:51:38","modified_gmt":"2020-10-12T11:51:38","slug":"bienes-nacionales-atendera-consultas-y-tramites-en-la-gobernacion-del-huasco","status":"publish","type":"post","link":"https:\/\/www.radioamigavallenar.cl\/?p=30560","title":{"rendered":"Bienes Nacionales atender\u00e1 consultas y tr\u00e1mites en la Gobernaci\u00f3n del Huasco"},"content":{"rendered":"<p style=\"text-align: center;\"><strong>El Primer mi\u00e9rcoles de cada mes.<\/strong><span id=\"more-220788\"><\/span><\/p>\n<p>Un convenio de colaboraci\u00f3n, con la finalidad de atender las innumerables consultas de los habitantes de la Provincia de Huasco, fue suscrito entre la Seremi de Bienes Nacionales de Atacama, Carla Guaita Carrizo, y la Gobernadora Provincial del Huasco, Nelly Galeb Bou; ambas, en representaci\u00f3n de sus respectivos estamentos.<\/p>\n<p>De este modo, y con el objeto de privilegiar \u201cla atenci\u00f3n de personas que habitan en localidades apartadas de dicha provincia (del Huasco), y que no tienen oportunidad de asistir a la ciudad de Copiap\u00f3\u201d, la Serem\u00eda de Bienes Atacama dispondr\u00e1, cada mes, de un equipo de funcionarios especializados en materias de Bienes y Regularizaciones, con el prop\u00f3sito de dar respuesta oportuna, a las consultas, postulaciones, inicios de tr\u00e1mites y otras gestiones, que pudieran ser parte de los requerimientos de los vecinos y vecinas de las comunas de Vallenar, Alto del Carmen, Freirina y Huasco, respectivamente.<\/p>\n<p>\u201cEs muy importante el trabajo colaborativo que podemos hacer con todos los servicios, y especialmente con aquellos que tienen que ver con la necesidad de las personas. Y en ese sentido, la Gobernaci\u00f3n de Huasco requiere, y siempre ha requerido, el poder trabajar con Bienes Nacionales; porque aqu\u00ed hay muchas solicitudes de los vecinos, y tambi\u00e9n muchos vecinos que viven en lugares muy alejados\u201d, argument\u00f3 la Seremi Carla Guaita, qui\u00e9n destac\u00f3 que, en raz\u00f3n de ello, \u201cjunto con la Gobernadora analizamos la posibilidad de que funcionarios de la Serem\u00eda de Bienes Nacionales, que trabajan en el \u00e1rea de regularizaci\u00f3n de la peque\u00f1a propiedad ra\u00edz, y tambi\u00e9n en el \u00e1rea de administraci\u00f3n de bienes, pudiesen estar de forma presente en la Gobernaci\u00f3n\u201d.<\/p>\n<p>Guaita se\u00f1al\u00f3 tambi\u00e9n que la idea es entregarles a los vecinos, \u201cno solo asesor\u00eda, sino tambi\u00e9n ayudarlos en todas las tramitaciones que tienen que ver con nuestro Ministerio. As\u00ed que muy contenta de que ya podamos firmar este convenio, que va a venir en beneficio de tantos vecinos y vecinas de la Provincia del Huasco, que requieren de una buena atenci\u00f3n, una atenci\u00f3n profesional\u201d.<\/p>\n<p>Por su parte, la Gobernadora Nelly Galeb, indic\u00f3 que este es un convenio \u201cmuy a\u00f1orado por esta Gobernaci\u00f3n, ya que estamos un poco distantes de la ciudad de Copiap\u00f3, y nuestros beneficiarios de la provincia ten\u00edan que desplazarse hacia la capital regional para poder hacer todos sus tr\u00e1mites de Bienes Nacionales. He sido escuchada por nuestra Seremi de Bienes Nacionales, Carla Guaita, con quien firmamos este convenio de colaboraci\u00f3n, donde van a venir funcionarios de su Serem\u00eda una vez al mes, el primer mi\u00e9rcoles de cada mes, a atender a veinte personas que requieran de este servicio\u201d.<\/p>\n<p>Galeb subray\u00f3 finalmente que \u201cpara m\u00ed, como Gobernadora, es un agrado poder disponer de las dependencias de la Gobernaci\u00f3n, para as\u00ed, en conjunto, trabajar por el bien de la comunidad de la Provincia del Huasco\u201d.<\/p>\n<p>Cabe destacar que la difusi\u00f3n de esta instancia de atenci\u00f3n de p\u00fablico, estar\u00e1 a cargo de la propia Gobernaci\u00f3n Provincial del Huasco, lo cual ser\u00e1 efectuado con al menos cinco d\u00edas de anticipaci\u00f3n a la fecha programada, quienes deber\u00e1n registrar a los beneficiarios previamente en una planilla, en donde se incluir\u00e1 el nombre completo del consultante, la c\u00e9dula de identidad, y el tipo de tr\u00e1mite de la o las personas que requieran atenci\u00f3n.<\/p>\n","protected":false},"excerpt":{"rendered":"<p>El Primer mi\u00e9rcoles de cada mes. Un convenio de colaboraci\u00f3n, con la finalidad de atender las innumerables consultas de los habitantes de la Provincia de&hellip; <\/p>\n","protected":false},"author":2,"featured_media":30561,"comment_status":"open","ping_status":"closed","sticky":false,"template":"","format":"standard","meta":{"footnotes":""},"categories":[7,3,4,38,1],"tags":[],"class_list":["post-30560","post","type-post","status-publish","format-standard","has-post-thumbnail","hentry","category-atacama","category-freirina","category-huasco","category-portada-regional","category-provincia-del-huasco-2"],"_links":{"self":[{"href":"https:\/\/www.radioamigavallenar.cl\/index.php?rest_route=\/wp\/v2\/posts\/30560","targetHints":{"allow":["GET"]}}],"collection":[{"href":"https:\/\/www.radioamigavallenar.cl\/index.php?rest_route=\/wp\/v2\/posts"}],"about":[{"href":"https:\/\/www.radioamigavallenar.cl\/index.php?rest_route=\/wp\/v2\/types\/post"}],"author":[{"embeddable":true,"href":"https:\/\/www.radioamigavallenar.cl\/index.php?rest_route=\/wp\/v2\/users\/2"}],"replies":[{"embeddable":true,"href":"https:\/\/www.radioamigavallenar.cl\/index.php?rest_route=%2Fwp%2Fv2%2Fcomments&post=30560"}],"version-history":[{"count":1,"href":"https:\/\/www.radioamigavallenar.cl\/index.php?rest_route=\/wp\/v2\/posts\/30560\/revisions"}],"predecessor-version":[{"id":30562,"href":"https:\/\/www.radioamigavallenar.cl\/index.php?rest_route=\/wp\/v2\/posts\/30560\/revisions\/30562"}],"wp:featuredmedia":[{"embeddable":true,"href":"https:\/\/www.radioamigavallenar.cl\/index.php?rest_route=\/wp\/v2\/media\/30561"}],"wp:attachment":[{"href":"https:\/\/www.radioamigavallenar.cl\/index.php?rest_route=%2Fwp%2Fv2%2Fmedia&parent=30560"}],"wp:term":[{"taxonomy":"category","embeddable":true,"href":"https:\/\/www.radioamigavallenar.cl\/index.php?rest_route=%2Fwp%2Fv2%2Fcategories&post=30560"},{"taxonomy":"post_tag","embeddable":true,"href":"https:\/\/www.radioamigavallenar.cl\/index.php?rest_route=%2Fwp%2Fv2%2Ftags&post=30560"}],"curies":[{"name":"wp","href":"https:\/\/api.w.org\/{rel}","templated":true}]}}