{"id":30168,"date":"2020-10-03T06:00:18","date_gmt":"2020-10-03T09:00:18","guid":{"rendered":"https:\/\/www.radioamigavallenar.cl\/?p=30168"},"modified":"2020-10-02T17:42:55","modified_gmt":"2020-10-02T20:42:55","slug":"sernameg-y-educacion-capacitan-a-docentes-en-el-marco-del-programa-de-prevencion-de-violencia-contra-las-mujeres","status":"publish","type":"post","link":"https:\/\/www.radioamigavallenar.cl\/?p=30168","title":{"rendered":"SernamEG y Educaci\u00f3n capacitan a docentes en el marco del programa de Prevenci\u00f3n de Violencia Contra Las Mujeres"},"content":{"rendered":"<p><strong>Se capacit\u00f3 a m\u00e1s de 50 docentes de la regi\u00f3n de Atacama, en el mes de septiembre.<\/strong><span id=\"more-219546\"><\/span><\/p>\n<p>En un trabajo unido entre SernamEG Atacama y la Seremia de Educaci\u00f3n, se realiz\u00f3 un \u00a0ciclo de talleres, enfocados en poder sensibilizar a los docentes, de las provincias de Copiap\u00f3 y Cha\u00f1aral. Enmarcados en el Programa SernamEG de Prevenci\u00f3n de violencia contra las mujeres y realizado por la encargada regional del programa, Paulina Aguirre Flores, en donde se abordaron distintas tem\u00e1ticas, con relaci\u00f3n a la conceptualizaci\u00f3n del Enfoque de G\u00e9nero y la Violencia Contra la Mujer.<\/p>\n<p>Los Talleres realizados fueron: Enfoque de G\u00e9nero y Educaci\u00f3n, Violencia en el Pololeo, Diversidad sexual y estereotipos de g\u00e9nero, y Detecci\u00f3n y prevenci\u00f3n de la violencia.<\/p>\n<p>Al respecto, la Directora Regional, Camila Tapia Morales, se\u00f1al\u00f3 lo siguiente, \u201cCuando hablamos de trabajar en la prevenci\u00f3n y sensibilizaci\u00f3n de la violencia en Contra de las Mujeres, debemos hacerlo con todos los actores de la sociedad civil, p\u00fablicos y privados, ya que la erradicaci\u00f3n de la violencia es responsabilidad de todos como sociedad. El programa de prevenci\u00f3n de violencia en contra de las mujeres tiene como objetivo principal trabajar con j\u00f3venes de 18 a 29 a\u00f1os para generar los cambios culturales necesarios para vivir en una sociedad m\u00e1s igualitaria para las mujeres, pero adem\u00e1s si queremos lograr un real impacto en los j\u00f3venes, debemos trabajar tambi\u00e9n con las y los profesores, ya que son actores claves en los procesos de formaci\u00f3n de los adolescentes. El trabajo en conjunto con la Seremia de Educaci\u00f3n fue enfocado en distintos talleres sobre enfoque de g\u00e9nero y educaci\u00f3n, violencia en el pololeo entre otros, que nos permiti\u00f3 tratar temas que muchas veces no se tienen claro conceptos o como abordarlos con los adolescentes\u201d.<\/p>\n<p>La seremi de Educaci\u00f3n Silvia \u00c1lvarez Matthews agreg\u00f3 que \u201cmuy importante ha sido el trabajo con SernamEG para capacitar a los docentes en el marco del programa de Prevenci\u00f3n de violencia contra las mujeres. El tema de la violencia es un tema dif\u00edcil, es un tema triste, pero que tenemos las capacidades de juntos, hombres y mujeres, de poder prevenir, es por eso que el trabajo realizado con los docentes, que son los que est\u00e1n en directa relaci\u00f3n con los ni\u00f1os y ni\u00f1as en su etapa de crecimiento y adem\u00e1s con las familias, es muy importante y espero que estos talleres puedan contribuir a minimizar, y por qu\u00e9 no so\u00f1ar a que un d\u00eda podamos terminar con la violencia de g\u00e9nero. Queremos pensar que las capacidades, los deseos y la conciencia de que todos somos importantes y nos debemos respeto, tiene que seguir siendo nuestro lema desde el nivel parvulario hasta la edad adulta, porque estamos comprometidos a poder contribuir a la educaci\u00f3n de nuestros estudiantes\u201d.<\/p>\n<p>Para m\u00e1s informaci\u00f3n del programa de prevenci\u00f3n de Violencia Contra las Mujeres puedes visitar nuestra p\u00e1gina www.sernameg.gob.cl<\/p>\n","protected":false},"excerpt":{"rendered":"<p>Se capacit\u00f3 a m\u00e1s de 50 docentes de la regi\u00f3n de Atacama, en el mes de septiembre. En un trabajo unido entre SernamEG Atacama y&hellip; <\/p>\n","protected":false},"author":2,"featured_media":30169,"comment_status":"open","ping_status":"closed","sticky":false,"template":"","format":"standard","meta":{"footnotes":""},"categories":[7,38],"tags":[],"class_list":["post-30168","post","type-post","status-publish","format-standard","has-post-thumbnail","hentry","category-atacama","category-portada-regional"],"_links":{"self":[{"href":"https:\/\/www.radioamigavallenar.cl\/index.php?rest_route=\/wp\/v2\/posts\/30168","targetHints":{"allow":["GET"]}}],"collection":[{"href":"https:\/\/www.radioamigavallenar.cl\/index.php?rest_route=\/wp\/v2\/posts"}],"about":[{"href":"https:\/\/www.radioamigavallenar.cl\/index.php?rest_route=\/wp\/v2\/types\/post"}],"author":[{"embeddable":true,"href":"https:\/\/www.radioamigavallenar.cl\/index.php?rest_route=\/wp\/v2\/users\/2"}],"replies":[{"embeddable":true,"href":"https:\/\/www.radioamigavallenar.cl\/index.php?rest_route=%2Fwp%2Fv2%2Fcomments&post=30168"}],"version-history":[{"count":2,"href":"https:\/\/www.radioamigavallenar.cl\/index.php?rest_route=\/wp\/v2\/posts\/30168\/revisions"}],"predecessor-version":[{"id":30171,"href":"https:\/\/www.radioamigavallenar.cl\/index.php?rest_route=\/wp\/v2\/posts\/30168\/revisions\/30171"}],"wp:featuredmedia":[{"embeddable":true,"href":"https:\/\/www.radioamigavallenar.cl\/index.php?rest_route=\/wp\/v2\/media\/30169"}],"wp:attachment":[{"href":"https:\/\/www.radioamigavallenar.cl\/index.php?rest_route=%2Fwp%2Fv2%2Fmedia&parent=30168"}],"wp:term":[{"taxonomy":"category","embeddable":true,"href":"https:\/\/www.radioamigavallenar.cl\/index.php?rest_route=%2Fwp%2Fv2%2Fcategories&post=30168"},{"taxonomy":"post_tag","embeddable":true,"href":"https:\/\/www.radioamigavallenar.cl\/index.php?rest_route=%2Fwp%2Fv2%2Ftags&post=30168"}],"curies":[{"name":"wp","href":"https:\/\/api.w.org\/{rel}","templated":true}]}}