{"id":30040,"date":"2020-10-01T18:01:27","date_gmt":"2020-10-01T21:01:27","guid":{"rendered":"https:\/\/www.radioamigavallenar.cl\/?p=30040"},"modified":"2020-10-01T18:26:28","modified_gmt":"2020-10-01T21:26:28","slug":"regimiento-23-copiapo-celebro-su-46-aniversario","status":"publish","type":"post","link":"https:\/\/www.radioamigavallenar.cl\/?p=30040","title":{"rendered":"Regimiento 23 Copiap\u00f3 celebr\u00f3 su 46 aniversario"},"content":{"rendered":"<p>Este jueves, con la participaci\u00f3n del Intendente de la Regi\u00f3n de Atacama, Patricio Urquieta, el Ej\u00e9rcito celebr\u00f3 el aniversario 46\u00b0 del Regimiento RIN 23. Este a\u00f1o, debido a la pandemia, no se realiz\u00f3 un desfile c\u00edvico-militar, sin embargo, como es habitual, se distinguieron a los soldados destacados y de larga trayectoria.<\/p>\n<p>Al respecto, el Intendente Patricio Urquieta, dijo que \u201choy se est\u00e1 celebrando un aniversario m\u00e1s del Regimiento Copiap\u00f3 en el que hemos reconocido y agradecido el aporte que han realizado los soldados en tiempos de paz y en tiempos dif\u00edciles como los que estamos viviendo hoy, a fin de proteger a la ciudadan\u00eda ahora frente a la circulaci\u00f3n de un virus que ha puesto en jaque a los sistemas de salud del mundo, pero siempre reconociendo con orgullo el trabajo que est\u00e1n realizando para defender nuestra soberan\u00eda, nuestra integridad territorial, y sobretodo manifestando nuestro agradecimiento por el constante compromiso que han tenido ellos y sus familias, as\u00ed que nombre el Presidente Pi\u00f1era queremos entregar un afectuoso saludo a todos los integrantes del regimiento de Copiap\u00f3 que nos han acompa\u00f1ado en tareas muy dif\u00edciles que han podido brindarle tranquilidad a la ciudadan\u00eda\u201d.<\/p>\n<p>En tanto, el Comandante del Regimiento N\u00famero 23 Copiap\u00f3, Coronel Patricio Garc\u00eda, manifest\u00f3 que \u201clos soldados de este regimiento renovamos nuestro compromiso para con la seguridad de la defensa y la paz, particularmente en esta situaci\u00f3n de pandemia en la que hemos estado desplegados ya por m\u00e1s de seis meses contribuyendo a las autoridades sanitarias para resguardar y proteger a los ciudadanos\u201d.<\/p>\n<p>Finalmente, el Comandante en Jefe de la I Divisi\u00f3n del Ej\u00e9rcito, General de Brigada Rodrigo Valdivia, se\u00f1al\u00f3 que \u201cen esta oportunidad como Comandante en Jefe del Ej\u00e9rcito renuevo el apoyo que ejecuta esta unidad de armas combinadas, y que todo su personal ha estado presente durante toda la pandemia colaborando con las autoridades civiles, regionales, provinciales, y comunales para contribuir al esfuerzo que hace el personal de salud en cuidar a nuestros ciudadanos de esta lamentable pandemia que ha azotado al mundo entero durante el a\u00f1o 2020\u201d.<\/p>\n<p>&nbsp;<\/p>\n","protected":false},"excerpt":{"rendered":"<p>Este jueves, con la participaci\u00f3n del Intendente de la Regi\u00f3n de Atacama, Patricio Urquieta, el Ej\u00e9rcito celebr\u00f3 el aniversario 46\u00b0 del Regimiento RIN 23. Este&hellip; <\/p>\n","protected":false},"author":5,"featured_media":30041,"comment_status":"open","ping_status":"closed","sticky":false,"template":"","format":"standard","meta":{"footnotes":""},"categories":[38],"tags":[],"class_list":["post-30040","post","type-post","status-publish","format-standard","has-post-thumbnail","hentry","category-portada-regional"],"_links":{"self":[{"href":"https:\/\/www.radioamigavallenar.cl\/index.php?rest_route=\/wp\/v2\/posts\/30040","targetHints":{"allow":["GET"]}}],"collection":[{"href":"https:\/\/www.radioamigavallenar.cl\/index.php?rest_route=\/wp\/v2\/posts"}],"about":[{"href":"https:\/\/www.radioamigavallenar.cl\/index.php?rest_route=\/wp\/v2\/types\/post"}],"author":[{"embeddable":true,"href":"https:\/\/www.radioamigavallenar.cl\/index.php?rest_route=\/wp\/v2\/users\/5"}],"replies":[{"embeddable":true,"href":"https:\/\/www.radioamigavallenar.cl\/index.php?rest_route=%2Fwp%2Fv2%2Fcomments&post=30040"}],"version-history":[{"count":1,"href":"https:\/\/www.radioamigavallenar.cl\/index.php?rest_route=\/wp\/v2\/posts\/30040\/revisions"}],"predecessor-version":[{"id":30042,"href":"https:\/\/www.radioamigavallenar.cl\/index.php?rest_route=\/wp\/v2\/posts\/30040\/revisions\/30042"}],"wp:featuredmedia":[{"embeddable":true,"href":"https:\/\/www.radioamigavallenar.cl\/index.php?rest_route=\/wp\/v2\/media\/30041"}],"wp:attachment":[{"href":"https:\/\/www.radioamigavallenar.cl\/index.php?rest_route=%2Fwp%2Fv2%2Fmedia&parent=30040"}],"wp:term":[{"taxonomy":"category","embeddable":true,"href":"https:\/\/www.radioamigavallenar.cl\/index.php?rest_route=%2Fwp%2Fv2%2Fcategories&post=30040"},{"taxonomy":"post_tag","embeddable":true,"href":"https:\/\/www.radioamigavallenar.cl\/index.php?rest_route=%2Fwp%2Fv2%2Ftags&post=30040"}],"curies":[{"name":"wp","href":"https:\/\/api.w.org\/{rel}","templated":true}]}}