{"id":29957,"date":"2020-09-30T10:33:00","date_gmt":"2020-09-30T13:33:00","guid":{"rendered":"https:\/\/www.radioamigavallenar.cl\/?p=29957"},"modified":"2020-09-30T10:43:23","modified_gmt":"2020-09-30T13:43:23","slug":"desempleo-en-atacama-alcanza-el-129-por-ciento-en-trimestre-junio-agosto-2020","status":"publish","type":"post","link":"https:\/\/www.radioamigavallenar.cl\/?p=29957","title":{"rendered":"Desempleo en Atacama alcanza el 12,9 por ciento en trimestre Junio- Agosto 2020"},"content":{"rendered":"\n<div class=\"wp-block-image\"><figure class=\"aligncenter size-large\"><img loading=\"lazy\" decoding=\"async\" width=\"900\" height=\"590\" src=\"https:\/\/www.radioamigavallenar.cl\/wp-content\/uploads\/2020\/09\/1469795344-auno610615.jpg\" alt=\"\" class=\"wp-image-29958\" srcset=\"https:\/\/www.radioamigavallenar.cl\/wp-content\/uploads\/2020\/09\/1469795344-auno610615.jpg 900w, https:\/\/www.radioamigavallenar.cl\/wp-content\/uploads\/2020\/09\/1469795344-auno610615-300x197.jpg 300w, https:\/\/www.radioamigavallenar.cl\/wp-content\/uploads\/2020\/09\/1469795344-auno610615-768x503.jpg 768w\" sizes=\"auto, (max-width: 900px) 100vw, 900px\" \/><\/figure><\/div>\n\n\n\n<p class=\"has-text-align-center\"><strong>Informaci\u00f3n entregada por el INE regional<\/strong><\/p>\n\n\n\n<p>El Instituto Nacional de Estad\u00edsticas (INE) public\u00f3 este mi\u00e9rcoles la cifra del desempleo regional correspondiente al trimestre junio-agosto de 2020, donde la cifra lleg\u00f3 al 12,9%, correspondiendo a un incremento de 4.0 pp (puntos porcentuales) en doce meses.<\/p>\n\n\n\n<p>Seg\u00fan dicho informe, dichos n\u00famero como consecuencia del mayor decrecimiento de los ocupados (-19,8%) en relaci\u00f3n a la baja de la fuerza de trabajo (-16,1%). Por su parte, los desocupados aumentaron 21,8%.<\/p>\n","protected":false},"excerpt":{"rendered":"<p>Informaci\u00f3n entregada por el INE regional El Instituto Nacional de Estad\u00edsticas (INE) public\u00f3 este mi\u00e9rcoles la cifra del desempleo regional correspondiente al trimestre junio-agosto de&hellip; <\/p>\n","protected":false},"author":2,"featured_media":29958,"comment_status":"open","ping_status":"closed","sticky":false,"template":"","format":"standard","meta":{"footnotes":""},"categories":[7],"tags":[],"class_list":["post-29957","post","type-post","status-publish","format-standard","has-post-thumbnail","hentry","category-atacama"],"_links":{"self":[{"href":"https:\/\/www.radioamigavallenar.cl\/index.php?rest_route=\/wp\/v2\/posts\/29957","targetHints":{"allow":["GET"]}}],"collection":[{"href":"https:\/\/www.radioamigavallenar.cl\/index.php?rest_route=\/wp\/v2\/posts"}],"about":[{"href":"https:\/\/www.radioamigavallenar.cl\/index.php?rest_route=\/wp\/v2\/types\/post"}],"author":[{"embeddable":true,"href":"https:\/\/www.radioamigavallenar.cl\/index.php?rest_route=\/wp\/v2\/users\/2"}],"replies":[{"embeddable":true,"href":"https:\/\/www.radioamigavallenar.cl\/index.php?rest_route=%2Fwp%2Fv2%2Fcomments&post=29957"}],"version-history":[{"count":0,"href":"https:\/\/www.radioamigavallenar.cl\/index.php?rest_route=\/wp\/v2\/posts\/29957\/revisions"}],"wp:featuredmedia":[{"embeddable":true,"href":"https:\/\/www.radioamigavallenar.cl\/index.php?rest_route=\/wp\/v2\/media\/29958"}],"wp:attachment":[{"href":"https:\/\/www.radioamigavallenar.cl\/index.php?rest_route=%2Fwp%2Fv2%2Fmedia&parent=29957"}],"wp:term":[{"taxonomy":"category","embeddable":true,"href":"https:\/\/www.radioamigavallenar.cl\/index.php?rest_route=%2Fwp%2Fv2%2Fcategories&post=29957"},{"taxonomy":"post_tag","embeddable":true,"href":"https:\/\/www.radioamigavallenar.cl\/index.php?rest_route=%2Fwp%2Fv2%2Ftags&post=29957"}],"curies":[{"name":"wp","href":"https:\/\/api.w.org\/{rel}","templated":true}]}}