{"id":29948,"date":"2020-09-30T06:00:00","date_gmt":"2020-09-30T09:00:00","guid":{"rendered":"https:\/\/www.radioamigavallenar.cl\/?p=29948"},"modified":"2020-09-29T21:53:00","modified_gmt":"2020-09-30T00:53:00","slug":"sag-pone-a-disposicion-de-la-ciudadania-nuevo-tramite-digital","status":"publish","type":"post","link":"https:\/\/www.radioamigavallenar.cl\/?p=29948","title":{"rendered":"SAG pone a disposici\u00f3n de la ciudadan\u00eda nuevo tr\u00e1mite digital"},"content":{"rendered":"\n<div class=\"wp-block-image\"><figure class=\"aligncenter size-large\"><img loading=\"lazy\" decoding=\"async\" width=\"897\" height=\"1024\" src=\"https:\/\/www.radioamigavallenar.cl\/wp-content\/uploads\/2020\/09\/SAG-software-scaled-1-897x1024.jpg\" alt=\"\" class=\"wp-image-29949\" srcset=\"https:\/\/www.radioamigavallenar.cl\/wp-content\/uploads\/2020\/09\/SAG-software-scaled-1-897x1024.jpg 897w, https:\/\/www.radioamigavallenar.cl\/wp-content\/uploads\/2020\/09\/SAG-software-scaled-1-263x300.jpg 263w, https:\/\/www.radioamigavallenar.cl\/wp-content\/uploads\/2020\/09\/SAG-software-scaled-1-768x877.jpg 768w, https:\/\/www.radioamigavallenar.cl\/wp-content\/uploads\/2020\/09\/SAG-software-scaled-1-1345x1536.jpg 1345w, https:\/\/www.radioamigavallenar.cl\/wp-content\/uploads\/2020\/09\/SAG-software-scaled-1.jpg 1793w\" sizes=\"auto, (max-width: 897px) 100vw, 897px\" \/><\/figure><\/div>\n\n\n\n<p>El Servicio Agr\u00edcola y Ganadero puso a disposici\u00f3n de sus usuarios\/as un nuevo tr\u00e1mite en l\u00ednea, esta vez corresponde al \u201cPermiso de importaci\u00f3n de alimentos para animales\u00bb, iniciativa que forma parte del plan de digitalizaci\u00f3n comprometido por la instituci\u00f3n para avanzar en la Transformaci\u00f3n Digital del Estado.<\/p>\n\n\n\n<p>Al realizar dicho tr\u00e1mite el usuario podr\u00e1 obtener la autorizaci\u00f3n para la importaci\u00f3n de muestras, en cantidades acotadas y por \u00fanica vez, de alimentos completos, suplementos, aditivos e ingredientes, con fines de desarrollo de alimentos, investigaci\u00f3n, realizaci\u00f3n de ensayos experimentales y uso particular, siempre que no involucren alg\u00fan fin comercial del producto. Para hacer el tr\u00e1mite se debe ingresar al siguiente link:&nbsp;<a href=\"https:\/\/nam10.safelinks.protection.outlook.com\/?url=http%3A%2F%2Fwww.sag.cl%2Ftramites%2Ftramites-sag&amp;data=02%7C01%7Cfrancisca.sureda%40sag.gob.cl%7C56dcdabfcd4a413692e608d863cae985%7C77ecda755864422aa5356ea67154029c%7C0%7C0%7C637369070433324135&amp;sdata=odsOo9u4uO1DLPDc6ONtNG56gt5MrL2Vv4OLwnaX0%2FY%3D&amp;reserved=0\">http:\/\/www.sag.cl\/tramites\/tramites-sag<\/a>.<\/p>\n\n\n\n<p>Los interesados\/as deben contar con la Clave \u00danica (otorgada por el Servicio de Registro Civil e Identificaci\u00f3n), completar el formulario digital y cancelar el costo de la evaluaci\u00f3n, que corresponde a 0,25 UTM. En caso que la solicitud sea acogida, y dependiendo del tipo de producto, la respuesta estar\u00e1 en un m\u00e1ximo 10 d\u00edas h\u00e1biles a contar de la fecha de solicitud ingresada.<\/p>\n","protected":false},"excerpt":{"rendered":"<p>El Servicio Agr\u00edcola y Ganadero puso a disposici\u00f3n de sus usuarios\/as un nuevo tr\u00e1mite en l\u00ednea, esta vez corresponde al \u201cPermiso de importaci\u00f3n de alimentos&hellip; <\/p>\n","protected":false},"author":2,"featured_media":29949,"comment_status":"open","ping_status":"closed","sticky":false,"template":"","format":"standard","meta":{"footnotes":""},"categories":[7],"tags":[],"class_list":["post-29948","post","type-post","status-publish","format-standard","has-post-thumbnail","hentry","category-atacama"],"_links":{"self":[{"href":"https:\/\/www.radioamigavallenar.cl\/index.php?rest_route=\/wp\/v2\/posts\/29948","targetHints":{"allow":["GET"]}}],"collection":[{"href":"https:\/\/www.radioamigavallenar.cl\/index.php?rest_route=\/wp\/v2\/posts"}],"about":[{"href":"https:\/\/www.radioamigavallenar.cl\/index.php?rest_route=\/wp\/v2\/types\/post"}],"author":[{"embeddable":true,"href":"https:\/\/www.radioamigavallenar.cl\/index.php?rest_route=\/wp\/v2\/users\/2"}],"replies":[{"embeddable":true,"href":"https:\/\/www.radioamigavallenar.cl\/index.php?rest_route=%2Fwp%2Fv2%2Fcomments&post=29948"}],"version-history":[{"count":0,"href":"https:\/\/www.radioamigavallenar.cl\/index.php?rest_route=\/wp\/v2\/posts\/29948\/revisions"}],"wp:featuredmedia":[{"embeddable":true,"href":"https:\/\/www.radioamigavallenar.cl\/index.php?rest_route=\/wp\/v2\/media\/29949"}],"wp:attachment":[{"href":"https:\/\/www.radioamigavallenar.cl\/index.php?rest_route=%2Fwp%2Fv2%2Fmedia&parent=29948"}],"wp:term":[{"taxonomy":"category","embeddable":true,"href":"https:\/\/www.radioamigavallenar.cl\/index.php?rest_route=%2Fwp%2Fv2%2Fcategories&post=29948"},{"taxonomy":"post_tag","embeddable":true,"href":"https:\/\/www.radioamigavallenar.cl\/index.php?rest_route=%2Fwp%2Fv2%2Ftags&post=29948"}],"curies":[{"name":"wp","href":"https:\/\/api.w.org\/{rel}","templated":true}]}}