{"id":29901,"date":"2020-09-29T08:32:48","date_gmt":"2020-09-29T11:32:48","guid":{"rendered":"https:\/\/www.radioamigavallenar.cl\/?p=29901"},"modified":"2020-09-29T08:32:49","modified_gmt":"2020-09-29T11:32:49","slug":"ministro-destaca-progresos-en-copiapo-y-tierra-amarilla-y-anuncia-que-habra-buenas-noticias","status":"publish","type":"post","link":"https:\/\/www.radioamigavallenar.cl\/?p=29901","title":{"rendered":"Ministro destaca progresos en Copiap\u00f3 y Tierra Amarilla y anuncia que habr\u00e1 \u201cbuenas noticias\u201d"},"content":{"rendered":"\n<div class=\"wp-block-image\"><figure class=\"aligncenter size-large is-resized\"><img loading=\"lazy\" decoding=\"async\" src=\"https:\/\/www.radioamigavallenar.cl\/wp-content\/uploads\/2020\/09\/balance.jpg\" alt=\"\" class=\"wp-image-29902\" width=\"490\" height=\"340\" srcset=\"https:\/\/www.radioamigavallenar.cl\/wp-content\/uploads\/2020\/09\/balance.jpg 392w, https:\/\/www.radioamigavallenar.cl\/wp-content\/uploads\/2020\/09\/balance-300x208.jpg 300w\" sizes=\"auto, (max-width: 490px) 100vw, 490px\" \/><\/figure><\/div>\n\n\n\n<p><strong>La m\u00e1xima autoridad regional record\u00f3 que, si bien se han mejorado los indicadores epidemiol\u00f3gicos, la situaci\u00f3n sanitaria puede variar en cualquier minuto.<\/strong><\/p>\n\n\n\n<p>Lo dijo el ministro y el intendente lo ratific\u00f3: Atacama ha hecho grandes esfuerzos con destacados progresos en Copiap\u00f3 y Tierra Amarilla. Pero esto no significa, de ninguna manera, que su poblaci\u00f3n est\u00e9 exenta de dar pasos en reversa si los indicadores epidemiol\u00f3gicos involucionan.<\/p>\n\n\n\n<p>La tarde de ayer lunes el ministro de Salud, Enrique Paris, destac\u00f3 el esfuerzo que la regi\u00f3n ha hecho para avanzar en una mejor\u00eda sostenida; dijo que en ambas en cuarentena \u201cprontamente tendr\u00e1n buenas noticias, de mantener su evoluci\u00f3n positiva\u201d.<\/p>\n\n\n\n<p>No obstante, el intendente Patricio Urquieta, se mostr\u00f3 m\u00e1s cauto, aunque sin dejar de lado el mejoramiento en los indicadores. \u00c9l puntualiz\u00f3 que esto \u201cen ning\u00fan caso significa que estemos libre de retroceder en el evento de que tengamos un empeoramiento\u201d; asimismo, destac\u00f3 que est\u00e1s situaciones cambian seg\u00fan la condici\u00f3n sanitaria que se presente.<\/p>\n\n\n\n<p>En ese sentido, aprovech\u00f3 la ocasi\u00f3n para recordar a los ciudadanos que este es el momento de \u201cestar m\u00e1s alerta que nunca\u201d. \u201cEsta situaci\u00f3n de mejor\u00eda tiene que ir amarrado de un comportamiento que est\u00e9 a la altura de la circunstancia\u201d, dijo.<\/p>\n\n\n\n<h3 class=\"has-text-align-center wp-block-heading\">Sin descartes<\/h3>\n\n\n\n<p>Respecto a lo que coment\u00f3 el secretario de Estado, mencion\u00f3 que esto responde al an\u00e1lisis que hacen d\u00eda a d\u00eda los equipos de expertos en salud para medir las condiciones sanitarias; la idea es conocer el comportamiento de los contagios en ciertos territorios. Aun as\u00ed aclar\u00f3 que este estudio eval\u00faa las \u00faltimas dos semanas de mejor\u00eda contin\u00faa, por lo que, si bien la situaci\u00f3n en estas dos ciudades \u201cha sido bien evaluada, todav\u00eda debemos dar un paso m\u00e1s\u201d.<\/p>\n\n\n\n<p>\u201cSi esta recuperaci\u00f3n se mantiene, claro que podemos optar a un levantamiento gradual de las restricciones. Pero se supone que los indicadores deben ser sostenidos durante el tiempo, por lo que se consideran dos semanas para saber c\u00f3mo ha sido el comportamiento; si estos mejoran es probable que en los pr\u00f3ximos d\u00edas tengamos buenas noticias\u201d, indic\u00f3 Urquieta.<\/p>\n\n\n\n<p>Aun no queda claro si existe la posibilidad de que Copiap\u00f3 y Tierra Amarilla avancen a la fase de Transici\u00f3n en el plan Paso a Paso.<\/p>\n","protected":false},"excerpt":{"rendered":"<p>La m\u00e1xima autoridad regional record\u00f3 que, si bien se han mejorado los indicadores epidemiol\u00f3gicos, la situaci\u00f3n sanitaria puede variar en cualquier minuto. Lo dijo el&hellip; <\/p>\n","protected":false},"author":2,"featured_media":29902,"comment_status":"open","ping_status":"closed","sticky":false,"template":"","format":"standard","meta":{"footnotes":""},"categories":[7],"tags":[],"class_list":["post-29901","post","type-post","status-publish","format-standard","has-post-thumbnail","hentry","category-atacama"],"_links":{"self":[{"href":"https:\/\/www.radioamigavallenar.cl\/index.php?rest_route=\/wp\/v2\/posts\/29901","targetHints":{"allow":["GET"]}}],"collection":[{"href":"https:\/\/www.radioamigavallenar.cl\/index.php?rest_route=\/wp\/v2\/posts"}],"about":[{"href":"https:\/\/www.radioamigavallenar.cl\/index.php?rest_route=\/wp\/v2\/types\/post"}],"author":[{"embeddable":true,"href":"https:\/\/www.radioamigavallenar.cl\/index.php?rest_route=\/wp\/v2\/users\/2"}],"replies":[{"embeddable":true,"href":"https:\/\/www.radioamigavallenar.cl\/index.php?rest_route=%2Fwp%2Fv2%2Fcomments&post=29901"}],"version-history":[{"count":0,"href":"https:\/\/www.radioamigavallenar.cl\/index.php?rest_route=\/wp\/v2\/posts\/29901\/revisions"}],"wp:featuredmedia":[{"embeddable":true,"href":"https:\/\/www.radioamigavallenar.cl\/index.php?rest_route=\/wp\/v2\/media\/29902"}],"wp:attachment":[{"href":"https:\/\/www.radioamigavallenar.cl\/index.php?rest_route=%2Fwp%2Fv2%2Fmedia&parent=29901"}],"wp:term":[{"taxonomy":"category","embeddable":true,"href":"https:\/\/www.radioamigavallenar.cl\/index.php?rest_route=%2Fwp%2Fv2%2Fcategories&post=29901"},{"taxonomy":"post_tag","embeddable":true,"href":"https:\/\/www.radioamigavallenar.cl\/index.php?rest_route=%2Fwp%2Fv2%2Ftags&post=29901"}],"curies":[{"name":"wp","href":"https:\/\/api.w.org\/{rel}","templated":true}]}}