{"id":29873,"date":"2020-09-29T06:00:00","date_gmt":"2020-09-29T09:00:00","guid":{"rendered":"https:\/\/www.radioamigavallenar.cl\/?p=29873"},"modified":"2020-09-28T21:50:32","modified_gmt":"2020-09-29T00:50:32","slug":"diputado-noman-se-reune-con-ministro-del-interior-para-plantear-soluciones-en-materia-de-seguridad-para-la-region","status":"publish","type":"post","link":"https:\/\/www.radioamigavallenar.cl\/?p=29873","title":{"rendered":"Diputado Noman se re\u00fane con ministro del Interior para plantear soluciones  en materia de seguridad para la regi\u00f3n"},"content":{"rendered":"\n<div class=\"wp-block-image\"><figure class=\"aligncenter size-large\"><img loading=\"lazy\" decoding=\"async\" width=\"1024\" height=\"768\" src=\"https:\/\/www.radioamigavallenar.cl\/wp-content\/uploads\/2020\/09\/WhatsApp-Image-2020-09-28-at-17.37.22.jpeg\" alt=\"\" class=\"wp-image-29874\" srcset=\"https:\/\/www.radioamigavallenar.cl\/wp-content\/uploads\/2020\/09\/WhatsApp-Image-2020-09-28-at-17.37.22.jpeg 1024w, https:\/\/www.radioamigavallenar.cl\/wp-content\/uploads\/2020\/09\/WhatsApp-Image-2020-09-28-at-17.37.22-300x225.jpeg 300w, https:\/\/www.radioamigavallenar.cl\/wp-content\/uploads\/2020\/09\/WhatsApp-Image-2020-09-28-at-17.37.22-768x576.jpeg 768w\" sizes=\"auto, (max-width: 1024px) 100vw, 1024px\" \/><\/figure><\/div>\n\n\n\n<p class=\"has-text-align-center\"><strong>Junto a autoridades de Atacama<\/strong><\/p>\n\n\n\n<p>El diputado Nicol\u00e1s Noman junto al alcalde de Cha\u00f1aral, Ra\u00fal salas y los concejales John Silva y Renato C\u00e1ceres se reunieron esta tarde con el ministro del Interior, V\u00edctor P\u00e9rez, para plantearle distintos proyectos en materia de seguridad para la regi\u00f3n de Atacama.<\/p>\n\n\n\n<p>Tras el encuentro el parlamentario por la III Regi\u00f3n sostuvo que el jefe de cartera tiene una muy buena disposici\u00f3n para trabajar en las distintas soluciones para entregar las garant\u00edas de tranquilidad para los atacame\u00f1os.<\/p>\n\n\n\n<p>En esa l\u00ednea, Noman coment\u00f3 que para Cha\u00f1aral se plantearon grandes e importantes avances para una soluci\u00f3n definitiva en temas de seguridad para la poblaci\u00f3n Aeropuerto en Cha\u00f1aral.<\/p>\n\n\n\n<p>Asimismo, agreg\u00f3 para Vallenar, se gestionar\u00e1 la presencia de Carabineros en la poblaci\u00f3n Torreblanca, \u201ctan necesaria para el resguardo de los vecinos y vecinas del sector\u201d.<\/p>\n\n\n\n<p>Para Copiap\u00f3, sostuvo el parlamentario se implementar\u00e1n medidas de seguridad en El Palomar, \u201ccuesti\u00f3n altamente requerida por los habitantes de la zona\u201d.<\/p>\n\n\n\n<p>Es por ello, que el diputado Nicol\u00e1s Noman, junto al alcalde de Cha\u00f1aral, Ra\u00fal salas y los concejales John Silva y Renato C\u00e1ceres indicaron que el encuentro estuvo marcado por la voluntad y disposici\u00f3n del ministro P\u00e9rez por entregar soluciones reales y concretas en materia de seguridad para la regi\u00f3n de Atacama.<\/p>\n","protected":false},"excerpt":{"rendered":"<p>Junto a autoridades de Atacama El diputado Nicol\u00e1s Noman junto al alcalde de Cha\u00f1aral, Ra\u00fal salas y los concejales John Silva y Renato C\u00e1ceres se&hellip; <\/p>\n","protected":false},"author":2,"featured_media":29874,"comment_status":"open","ping_status":"closed","sticky":false,"template":"","format":"standard","meta":{"footnotes":""},"categories":[7],"tags":[],"class_list":["post-29873","post","type-post","status-publish","format-standard","has-post-thumbnail","hentry","category-atacama"],"_links":{"self":[{"href":"https:\/\/www.radioamigavallenar.cl\/index.php?rest_route=\/wp\/v2\/posts\/29873","targetHints":{"allow":["GET"]}}],"collection":[{"href":"https:\/\/www.radioamigavallenar.cl\/index.php?rest_route=\/wp\/v2\/posts"}],"about":[{"href":"https:\/\/www.radioamigavallenar.cl\/index.php?rest_route=\/wp\/v2\/types\/post"}],"author":[{"embeddable":true,"href":"https:\/\/www.radioamigavallenar.cl\/index.php?rest_route=\/wp\/v2\/users\/2"}],"replies":[{"embeddable":true,"href":"https:\/\/www.radioamigavallenar.cl\/index.php?rest_route=%2Fwp%2Fv2%2Fcomments&post=29873"}],"version-history":[{"count":0,"href":"https:\/\/www.radioamigavallenar.cl\/index.php?rest_route=\/wp\/v2\/posts\/29873\/revisions"}],"wp:featuredmedia":[{"embeddable":true,"href":"https:\/\/www.radioamigavallenar.cl\/index.php?rest_route=\/wp\/v2\/media\/29874"}],"wp:attachment":[{"href":"https:\/\/www.radioamigavallenar.cl\/index.php?rest_route=%2Fwp%2Fv2%2Fmedia&parent=29873"}],"wp:term":[{"taxonomy":"category","embeddable":true,"href":"https:\/\/www.radioamigavallenar.cl\/index.php?rest_route=%2Fwp%2Fv2%2Fcategories&post=29873"},{"taxonomy":"post_tag","embeddable":true,"href":"https:\/\/www.radioamigavallenar.cl\/index.php?rest_route=%2Fwp%2Fv2%2Ftags&post=29873"}],"curies":[{"name":"wp","href":"https:\/\/api.w.org\/{rel}","templated":true}]}}