{"id":29866,"date":"2020-09-28T12:56:21","date_gmt":"2020-09-28T15:56:21","guid":{"rendered":"https:\/\/www.radioamigavallenar.cl\/?p=29866"},"modified":"2020-09-28T12:56:22","modified_gmt":"2020-09-28T15:56:22","slug":"gobierno-activara-2-pagos-mas-del-ingreso-familiar-de-emergencia-conoce-las-fechas","status":"publish","type":"post","link":"https:\/\/www.radioamigavallenar.cl\/?p=29866","title":{"rendered":"Gobierno activar\u00e1 2 pagos m\u00e1s del Ingreso Familiar de Emergencia: conoce las fechas"},"content":{"rendered":"\n<div class=\"wp-block-image\"><figure class=\"aligncenter size-large\"><img loading=\"lazy\" decoding=\"async\" width=\"1024\" height=\"620\" src=\"https:\/\/www.radioamigavallenar.cl\/wp-content\/uploads\/2020\/09\/portada_IFE-1024x620.jpg\" alt=\"\" class=\"wp-image-29867\" srcset=\"https:\/\/www.radioamigavallenar.cl\/wp-content\/uploads\/2020\/09\/portada_IFE-1024x620.jpg 1024w, https:\/\/www.radioamigavallenar.cl\/wp-content\/uploads\/2020\/09\/portada_IFE-300x182.jpg 300w, https:\/\/www.radioamigavallenar.cl\/wp-content\/uploads\/2020\/09\/portada_IFE-768x465.jpg 768w, https:\/\/www.radioamigavallenar.cl\/wp-content\/uploads\/2020\/09\/portada_IFE.jpg 1070w\" sizes=\"auto, (max-width: 1024px) 100vw, 1024px\" \/><\/figure><\/div>\n\n\n\n<p><strong>El Gobierno confirm\u00f3 que se activar\u00e1n dos pagos m\u00e1s del&nbsp;Ingreso Familiar de Emergencia&nbsp;(IFE).<\/strong><\/p>\n\n\n\n<p>Se tratar\u00e1 de una quinta y sexta transferencia del beneficio que se enmarca en la Red de Protecci\u00f3n Social levantada para mitigar los efectos econ\u00f3micos que provoc\u00f3 la pandemia.<\/p>\n\n\n\n<p>En detalle, el quinto pago se transferir\u00e1 a las cuentas de los beneficiarios este\u00a0mi\u00e9rcoles 30 de septiembre.<\/p>\n\n\n\n<p>El sexto pago, por consiguiente, se realizar\u00e1 en\u00a0octubre.<\/p>\n\n\n\n<p>Ambas cuotas corresponder\u00e1n a un 70% y un 55% del beneficio, respectivamente, y ser\u00e1n depositadas en las cuentas de quienes ya se lo adjudicaron de forma autom\u00e1tica.<\/p>\n\n\n\n<p>Asimismo, hasta el 7 de octubre estar\u00e1n abiertas las\u00a0postulaciones\u00a0para nuevos beneficiarios.<\/p>\n\n\n\n<p>\u00bfC\u00f3mo saber si se recibir\u00e1 el IFE de forma autom\u00e1tica o si se debe solicitar? Se debe ingresar a&nbsp;<a href=\"https:\/\/www.ingresodeemergencia.cl\/\">www.ingresodeemergencia.cl<\/a>&nbsp;e ingresar los datos:<\/p>\n\n\n\n<div class=\"wp-block-image\"><figure class=\"aligncenter\"><a href=\"https:\/\/www.ingresodeemergencia.cl\/\"><img decoding=\"async\" src=\"https:\/\/media.biobiochile.cl\/wp-content\/uploads\/2020\/05\/captura-de-pantalla-2020-05-20-a-las-12-29-54.png\" alt=\"captura-de-pantalla-2020-05-20-a-las-12-29-54\" class=\"wp-image-4554736\"\/><\/a><\/figure><\/div>\n\n\n\n<h2 class=\"has-text-align-center wp-block-heading\">\u00bfC\u00f3mo solicitar el beneficio?<\/h2>\n\n\n\n<p>En&nbsp;<a href=\"https:\/\/www.ingresodeemergencia.cl\/\">ingresodeemergencia.cl<\/a>, se debe rellenar RUT, fecha de nacimiento y n\u00famero de documento para luego acceder a un formulario sencillo donde se pide: correo electr\u00f3nico, un tel\u00e9fono de contacto y datos de cuenta bancaria donde ser\u00eda transferido el beneficio en el caso de cumplir con los requisitos.<\/p>\n\n\n\n<p>El IFE es un apoyo temporal para las familias m\u00e1s afectadas debido a la pandemia causada por el covid-19. Se entregar\u00e1 durante el tiempo que sea necesario para que las familias retomen sus fuentes de ingreso.<\/p>\n\n\n\n<p>El monto del beneficio depender\u00e1 del n\u00famero de integrantes del n\u00facleo familiar asociado al Registro Social de Hogares (RSH).<\/p>\n","protected":false},"excerpt":{"rendered":"<p>El Gobierno confirm\u00f3 que se activar\u00e1n dos pagos m\u00e1s del&nbsp;Ingreso Familiar de Emergencia&nbsp;(IFE). Se tratar\u00e1 de una quinta y sexta transferencia del beneficio que se&hellip; <\/p>\n","protected":false},"author":2,"featured_media":29867,"comment_status":"open","ping_status":"closed","sticky":false,"template":"","format":"standard","meta":{"footnotes":""},"categories":[37],"tags":[],"class_list":["post-29866","post","type-post","status-publish","format-standard","has-post-thumbnail","hentry","category-nacional"],"_links":{"self":[{"href":"https:\/\/www.radioamigavallenar.cl\/index.php?rest_route=\/wp\/v2\/posts\/29866","targetHints":{"allow":["GET"]}}],"collection":[{"href":"https:\/\/www.radioamigavallenar.cl\/index.php?rest_route=\/wp\/v2\/posts"}],"about":[{"href":"https:\/\/www.radioamigavallenar.cl\/index.php?rest_route=\/wp\/v2\/types\/post"}],"author":[{"embeddable":true,"href":"https:\/\/www.radioamigavallenar.cl\/index.php?rest_route=\/wp\/v2\/users\/2"}],"replies":[{"embeddable":true,"href":"https:\/\/www.radioamigavallenar.cl\/index.php?rest_route=%2Fwp%2Fv2%2Fcomments&post=29866"}],"version-history":[{"count":0,"href":"https:\/\/www.radioamigavallenar.cl\/index.php?rest_route=\/wp\/v2\/posts\/29866\/revisions"}],"wp:featuredmedia":[{"embeddable":true,"href":"https:\/\/www.radioamigavallenar.cl\/index.php?rest_route=\/wp\/v2\/media\/29867"}],"wp:attachment":[{"href":"https:\/\/www.radioamigavallenar.cl\/index.php?rest_route=%2Fwp%2Fv2%2Fmedia&parent=29866"}],"wp:term":[{"taxonomy":"category","embeddable":true,"href":"https:\/\/www.radioamigavallenar.cl\/index.php?rest_route=%2Fwp%2Fv2%2Fcategories&post=29866"},{"taxonomy":"post_tag","embeddable":true,"href":"https:\/\/www.radioamigavallenar.cl\/index.php?rest_route=%2Fwp%2Fv2%2Ftags&post=29866"}],"curies":[{"name":"wp","href":"https:\/\/api.w.org\/{rel}","templated":true}]}}