{"id":29863,"date":"2020-09-28T12:52:25","date_gmt":"2020-09-28T15:52:25","guid":{"rendered":"https:\/\/www.radioamigavallenar.cl\/?p=29863"},"modified":"2020-09-28T12:52:26","modified_gmt":"2020-09-28T15:52:26","slug":"logran-identificar-cuerpo-encontrado-en-zona-precordillerana-de-la-region","status":"publish","type":"post","link":"https:\/\/www.radioamigavallenar.cl\/?p=29863","title":{"rendered":"Logran identificar cuerpo encontrado en zona precordillerana de la regi\u00f3n"},"content":{"rendered":"\n<div class=\"wp-block-image\"><figure class=\"aligncenter size-large\"><img loading=\"lazy\" decoding=\"async\" width=\"978\" height=\"656\" src=\"https:\/\/www.radioamigavallenar.cl\/wp-content\/uploads\/2020\/09\/2.jpg\" alt=\"\" class=\"wp-image-29864\" srcset=\"https:\/\/www.radioamigavallenar.cl\/wp-content\/uploads\/2020\/09\/2.jpg 978w, https:\/\/www.radioamigavallenar.cl\/wp-content\/uploads\/2020\/09\/2-300x201.jpg 300w, https:\/\/www.radioamigavallenar.cl\/wp-content\/uploads\/2020\/09\/2-768x515.jpg 768w\" sizes=\"auto, (max-width: 978px) 100vw, 978px\" \/><\/figure><\/div>\n\n\n\n<h4 class=\"wp-block-heading\">Fiscal Ren\u00e1n Gallardo \u00c1ngel destac\u00f3 trabajo del GOPE de Carabineros, Brigada de Homicidios y Lacrim de la PDI y el Servicio M\u00e9dico Legal.<\/h4>\n\n\n\n<p>La Fiscal\u00eda de Atacama confirm\u00f3 que luego de un trabajo multidisciplinario entre la Fiscal\u00eda de Atacama, Carabineros, PDI y el Servicio M\u00e9dico Legal de Copiap\u00f3, se logr\u00f3 la identificaci\u00f3n del cuerpo que fue encontrado en una zona precordillerana al interior de la capital de Atacama.<\/p>\n\n\n\n<p>Respecto de este caso el persecutor record\u00f3 que el pasado 22 de septiembre una persona, residente del interior de Copiap\u00f3, encontr\u00f3 el cuerpo sin vida en un sector denominado \u201cQuebrada Aspera\u201d, informando de inmediato del hallazgo a personal policial.<\/p>\n\n\n\n<p>\u201cFrente a las condiciones del terreno fue necesaria la intervenci\u00f3n de personal del Gope de Carabineros, quienes se dirigieron al lugar y lograron confirmar la denuncia para luego levantar el cuerpo. El que por su estado no fue posible identificar en ese momento, debiendo intervenir en una primera instancia la Brigada de Homicidios y Lacrim de la PDI, adem\u00e1s del Servicio M\u00e9dico Legal\u201d, indic\u00f3 el fiscal.<\/p>\n\n\n\n<p>Gallardo agreg\u00f3 que a partir de este trabajo altamente calificado entre todas las instituciones que participaron de este procedimiento, se determin\u00f3 que el cuerpo correspond\u00eda a un hombre adulto, identificado como Javier Alvarez Urquiza, de quien se manten\u00eda una denuncia por presunta desgracia desde el mes abril de este a\u00f1o interpuesta en la ciudad de Arica.<\/p>\n\n\n\n<p>Finalmente, el fiscal indic\u00f3 que luego que se lograra determinar la identidad del fallecido se realizaron todas las coordinaciones para poder tomar contactos con familiares y confirmar el hallazgo por parte de la Unidad de Atenci\u00f3n a V\u00edctimas de la Fiscal\u00eda Regional de Atacama, junto con explicar los peritajes cient\u00edficos que llevaron a establecer de qui\u00e9n se trataba. Cuesti\u00f3n que se logr\u00f3 en un muy breve plazo de tiempo, a pesar de las condiciones en que se encontr\u00f3 el cuerpo.<\/p>\n","protected":false},"excerpt":{"rendered":"<p>Fiscal Ren\u00e1n Gallardo \u00c1ngel destac\u00f3 trabajo del GOPE de Carabineros, Brigada de Homicidios y Lacrim de la PDI y el Servicio M\u00e9dico Legal. La Fiscal\u00eda&hellip; <\/p>\n","protected":false},"author":2,"featured_media":29864,"comment_status":"open","ping_status":"closed","sticky":false,"template":"","format":"standard","meta":{"footnotes":""},"categories":[7,6],"tags":[],"class_list":["post-29863","post","type-post","status-publish","format-standard","has-post-thumbnail","hentry","category-atacama","category-policial"],"_links":{"self":[{"href":"https:\/\/www.radioamigavallenar.cl\/index.php?rest_route=\/wp\/v2\/posts\/29863","targetHints":{"allow":["GET"]}}],"collection":[{"href":"https:\/\/www.radioamigavallenar.cl\/index.php?rest_route=\/wp\/v2\/posts"}],"about":[{"href":"https:\/\/www.radioamigavallenar.cl\/index.php?rest_route=\/wp\/v2\/types\/post"}],"author":[{"embeddable":true,"href":"https:\/\/www.radioamigavallenar.cl\/index.php?rest_route=\/wp\/v2\/users\/2"}],"replies":[{"embeddable":true,"href":"https:\/\/www.radioamigavallenar.cl\/index.php?rest_route=%2Fwp%2Fv2%2Fcomments&post=29863"}],"version-history":[{"count":0,"href":"https:\/\/www.radioamigavallenar.cl\/index.php?rest_route=\/wp\/v2\/posts\/29863\/revisions"}],"wp:featuredmedia":[{"embeddable":true,"href":"https:\/\/www.radioamigavallenar.cl\/index.php?rest_route=\/wp\/v2\/media\/29864"}],"wp:attachment":[{"href":"https:\/\/www.radioamigavallenar.cl\/index.php?rest_route=%2Fwp%2Fv2%2Fmedia&parent=29863"}],"wp:term":[{"taxonomy":"category","embeddable":true,"href":"https:\/\/www.radioamigavallenar.cl\/index.php?rest_route=%2Fwp%2Fv2%2Fcategories&post=29863"},{"taxonomy":"post_tag","embeddable":true,"href":"https:\/\/www.radioamigavallenar.cl\/index.php?rest_route=%2Fwp%2Fv2%2Ftags&post=29863"}],"curies":[{"name":"wp","href":"https:\/\/api.w.org\/{rel}","templated":true}]}}