{"id":29858,"date":"2020-09-28T11:58:16","date_gmt":"2020-09-28T14:58:16","guid":{"rendered":"https:\/\/www.radioamigavallenar.cl\/?p=29858"},"modified":"2020-09-28T11:58:17","modified_gmt":"2020-09-28T14:58:17","slug":"fiscalizan-avances-en-obras-de-edificio-residencial-en-la-turbina-vallenar","status":"publish","type":"post","link":"https:\/\/www.radioamigavallenar.cl\/?p=29858","title":{"rendered":"Fiscalizan avances en obras de edificio residencial en La Turbina Vallenar"},"content":{"rendered":"\n<div class=\"wp-block-image\"><figure class=\"aligncenter size-large\"><img loading=\"lazy\" decoding=\"async\" width=\"700\" height=\"525\" src=\"https:\/\/www.radioamigavallenar.cl\/wp-content\/uploads\/2020\/09\/Foto-2-4.jpg\" alt=\"\" class=\"wp-image-29860\" srcset=\"https:\/\/www.radioamigavallenar.cl\/wp-content\/uploads\/2020\/09\/Foto-2-4.jpg 700w, https:\/\/www.radioamigavallenar.cl\/wp-content\/uploads\/2020\/09\/Foto-2-4-300x225.jpg 300w\" sizes=\"auto, (max-width: 700px) 100vw, 700px\" \/><\/figure><\/div>\n\n\n\n<p>Una nueva visita inspectiva a las obras que tienen que ver con la ejecuci\u00f3n del proyecto habitacional La Turbina, en la comuna de Vallenar, raliz\u00f3 esta semana, la Gobernadora del Huasco, Nelly Galeb Bou, junto al Director Regional del Serviu, Rodrigo Maturana, realizaron una supervisi\u00f3n a los trabajos que all\u00ed se realizan, en la ocasi\u00f3n se reunieron en la obra con representantes de la empresa constructora para analizar en detalle la planificaci\u00f3n y los avances que a la fecha presenta este proyecto habitacional.<\/p>\n\n\n\n<p>La iniciativa forma parte del compromiso que han adquirido las autoridades con principales beneficiarios de este complejo habitacional, en la inspecci\u00f3n y fiscalizaci\u00f3n que se requiere de este importante proyecto que ha de permitir la concreci\u00f3n del sue\u00f1o de la casa propia a 64 nuevas familias de la comuna de Vallenar.<\/p>\n\n\n\n<p>Junto al Delegado Provincial, Rodrigo Herrera, profesionales del servicio y el contratista, hicieron revisi\u00f3n t\u00e9cnica de la construcci\u00f3n.<\/p>\n\n\n\n<p>Posteriormente, se trasladaron hasta el proyecto Los Artesanos, en el sector de la Avenida Matta, complejo residencial que beneficia que ha de entregar beneficios a 29 familias.<\/p>\n","protected":false},"excerpt":{"rendered":"<p>Una nueva visita inspectiva a las obras que tienen que ver con la ejecuci\u00f3n del proyecto habitacional La Turbina, en la comuna de Vallenar, raliz\u00f3&hellip; <\/p>\n","protected":false},"author":2,"featured_media":29860,"comment_status":"open","ping_status":"closed","sticky":false,"template":"","format":"standard","meta":{"footnotes":""},"categories":[1,2],"tags":[],"class_list":["post-29858","post","type-post","status-publish","format-standard","has-post-thumbnail","hentry","category-provincia-del-huasco-2","category-vallenar"],"_links":{"self":[{"href":"https:\/\/www.radioamigavallenar.cl\/index.php?rest_route=\/wp\/v2\/posts\/29858","targetHints":{"allow":["GET"]}}],"collection":[{"href":"https:\/\/www.radioamigavallenar.cl\/index.php?rest_route=\/wp\/v2\/posts"}],"about":[{"href":"https:\/\/www.radioamigavallenar.cl\/index.php?rest_route=\/wp\/v2\/types\/post"}],"author":[{"embeddable":true,"href":"https:\/\/www.radioamigavallenar.cl\/index.php?rest_route=\/wp\/v2\/users\/2"}],"replies":[{"embeddable":true,"href":"https:\/\/www.radioamigavallenar.cl\/index.php?rest_route=%2Fwp%2Fv2%2Fcomments&post=29858"}],"version-history":[{"count":0,"href":"https:\/\/www.radioamigavallenar.cl\/index.php?rest_route=\/wp\/v2\/posts\/29858\/revisions"}],"wp:featuredmedia":[{"embeddable":true,"href":"https:\/\/www.radioamigavallenar.cl\/index.php?rest_route=\/wp\/v2\/media\/29860"}],"wp:attachment":[{"href":"https:\/\/www.radioamigavallenar.cl\/index.php?rest_route=%2Fwp%2Fv2%2Fmedia&parent=29858"}],"wp:term":[{"taxonomy":"category","embeddable":true,"href":"https:\/\/www.radioamigavallenar.cl\/index.php?rest_route=%2Fwp%2Fv2%2Fcategories&post=29858"},{"taxonomy":"post_tag","embeddable":true,"href":"https:\/\/www.radioamigavallenar.cl\/index.php?rest_route=%2Fwp%2Fv2%2Ftags&post=29858"}],"curies":[{"name":"wp","href":"https:\/\/api.w.org\/{rel}","templated":true}]}}