{"id":2932,"date":"2016-11-18T10:00:07","date_gmt":"2016-11-18T13:00:07","guid":{"rendered":"http:\/\/www.radioamigavallenar.cl\/?p=2932"},"modified":"2016-11-18T10:04:10","modified_gmt":"2016-11-18T13:04:10","slug":"este-fin-de-semana-vallenar-tendra-su-2da-version-del-festival-aereo","status":"publish","type":"post","link":"https:\/\/www.radioamigavallenar.cl\/?p=2932","title":{"rendered":"Este fin de semana Vallenar tendr\u00e1 su 2da versi\u00f3n del Festival A\u00e9reo"},"content":{"rendered":"<p style=\"text-align: justify;\"><a href=\"http:\/\/www.radioamigavallenar.cl\/wp-content\/uploads\/2016\/11\/avionetas.jpg\"><img loading=\"lazy\" decoding=\"async\" class=\" size-medium wp-image-2933 aligncenter\" src=\"http:\/\/www.radioamigavallenar.cl\/wp-content\/uploads\/2016\/11\/avionetas-300x168.jpg\" alt=\"avionetas\" width=\"300\" height=\"168\" srcset=\"https:\/\/www.radioamigavallenar.cl\/wp-content\/uploads\/2016\/11\/avionetas-300x168.jpg 300w, https:\/\/www.radioamigavallenar.cl\/wp-content\/uploads\/2016\/11\/avionetas.jpg 700w\" sizes=\"auto, (max-width: 300px) 100vw, 300px\" \/><\/a><\/p>\n<p style=\"text-align: justify;\">Una gran jornada deportiva y recreativa familiar se vivir\u00e1 este fin de semana en la capital provincial del Huasco. Se trata de una nueva versi\u00f3n del Festival A\u00e9reo Vallenar 2016, que se realizar\u00e1 este s\u00e1bado 19 y domingo 20, desde las 10 hasta las 20 horas en el Aer\u00f3dromo de Vallenar.<\/p>\n<p style=\"text-align: justify;\">Jaime Quiroga, presidente del Club A\u00e9reo de Vallenar, mencion\u00f3 que \u201cla aviaci\u00f3n civil, patrocinada por Federaci\u00f3n A\u00e9rea de Chile y a trav\u00e9s de todos sus clubes, hace actividades en diferentes partes del pa\u00eds, felizmente este a\u00f1o nos ha apoyado en traer a Vallenar un bonito espect\u00e1culo a\u00e9reo\u201d.<\/p>\n<p style=\"text-align: justify;\">El Festival A\u00e9reo Vallenar 2016 comenzar\u00e1 este s\u00e1bado 19 a las 10 de la ma\u00f1ana y se extender\u00e1 hasta las 20 horas. Lo mismo ocurrir\u00e1 este domingo 20, ya que el festival se desarrollar\u00e1 por dos d\u00edas en Vallenar.<\/p>\n<p style=\"text-align: justify;\">En la oportunidad los asistentes podr\u00e1n disfrutar de paracaidismo, parapentes con motor, aviones acrob\u00e1ticos, vuelos populares, demostraci\u00f3n de aeromodelismo, stands con informaciones y un patio de comida para que no existan excusas para perderse este gran evento a\u00e9reo de Vallenar.<\/p>\n<p style=\"text-align: justify;\">La actividad que se realizar\u00e1 en el Aer\u00f3dromo de Vallenar, tendr\u00e1 un valor de entrada de $2.000 para adultos y $1.000 para ni\u00f1os. Adem\u00e1s de los vuelos populares con un valor general de $12.000 por persona y para quienes lleguen antes del mediod\u00eda en ambas jornadas, tendr\u00e1n un descuento especial para los vuelos populares.<\/p>\n<p style=\"text-align: justify;\">\u201cCon mucho cari\u00f1o invitamos a toda la comunidad para que apoye al Club A\u00e9reo de Vallenar, para que se vengan a entretener, lo pase muy bien, tienen para consumir cosas ricas y aprender un poco m\u00e1s de un variado n\u00famero de la aviaci\u00f3n y esto apoya en gran medida para los recursos que en caso de emergencia la aviaci\u00f3n civil, requiere. La aviaci\u00f3n civil en todo Chile ha demostrado ser una fuerza muy potente para llegar con ayuda a los lugares m\u00e1s necesitados y los clubes a\u00e9reos necesitan mantenerse y estos festivales a\u00e9reos nos ayudan a mantener nuestras naves m\u00e1s operativas y seguras\u201d, agreg\u00f3 el presidente del Club A\u00e9reo de Vallenar.<\/p>\n<p style=\"text-align: justify;\">Cabe destacar que esta actividad est\u00e1 siendo organizada por el Club A\u00e9reo Vallenar con el apoyo como todos los a\u00f1os, de la Municipalidad de Vallenar.<\/p>\n","protected":false},"excerpt":{"rendered":"<p>Una gran jornada deportiva y recreativa familiar se vivir\u00e1 este fin de semana en la capital provincial del Huasco. Se trata de una nueva versi\u00f3n&hellip; <\/p>\n","protected":false},"author":2,"featured_media":2933,"comment_status":"open","ping_status":"closed","sticky":false,"template":"","format":"standard","meta":{"footnotes":""},"categories":[2],"tags":[],"class_list":["post-2932","post","type-post","status-publish","format-standard","has-post-thumbnail","hentry","category-vallenar"],"_links":{"self":[{"href":"https:\/\/www.radioamigavallenar.cl\/index.php?rest_route=\/wp\/v2\/posts\/2932","targetHints":{"allow":["GET"]}}],"collection":[{"href":"https:\/\/www.radioamigavallenar.cl\/index.php?rest_route=\/wp\/v2\/posts"}],"about":[{"href":"https:\/\/www.radioamigavallenar.cl\/index.php?rest_route=\/wp\/v2\/types\/post"}],"author":[{"embeddable":true,"href":"https:\/\/www.radioamigavallenar.cl\/index.php?rest_route=\/wp\/v2\/users\/2"}],"replies":[{"embeddable":true,"href":"https:\/\/www.radioamigavallenar.cl\/index.php?rest_route=%2Fwp%2Fv2%2Fcomments&post=2932"}],"version-history":[{"count":0,"href":"https:\/\/www.radioamigavallenar.cl\/index.php?rest_route=\/wp\/v2\/posts\/2932\/revisions"}],"wp:featuredmedia":[{"embeddable":true,"href":"https:\/\/www.radioamigavallenar.cl\/index.php?rest_route=\/wp\/v2\/media\/2933"}],"wp:attachment":[{"href":"https:\/\/www.radioamigavallenar.cl\/index.php?rest_route=%2Fwp%2Fv2%2Fmedia&parent=2932"}],"wp:term":[{"taxonomy":"category","embeddable":true,"href":"https:\/\/www.radioamigavallenar.cl\/index.php?rest_route=%2Fwp%2Fv2%2Fcategories&post=2932"},{"taxonomy":"post_tag","embeddable":true,"href":"https:\/\/www.radioamigavallenar.cl\/index.php?rest_route=%2Fwp%2Fv2%2Ftags&post=2932"}],"curies":[{"name":"wp","href":"https:\/\/api.w.org\/{rel}","templated":true}]}}