{"id":29179,"date":"2020-09-10T06:30:00","date_gmt":"2020-09-10T09:30:00","guid":{"rendered":"https:\/\/www.radioamigavallenar.cl\/?p=29179"},"modified":"2020-09-10T12:10:03","modified_gmt":"2020-09-10T15:10:03","slug":"senadis-y-oit-lanzan-aprendiendo-a-incluir-una-comunidad-virtual-gratuita-por-la-inclusion-y-participacion-de-las-personas-con-discapacidad","status":"publish","type":"post","link":"https:\/\/www.radioamigavallenar.cl\/?p=29179","title":{"rendered":"SENADIS y OIT lanzan Aprendiendo a Incluir, una comunidad virtual gratuita por la inclusi\u00f3n y participaci\u00f3n de las personas con discapacidad"},"content":{"rendered":"\n<div class=\"wp-block-image\"><figure class=\"aligncenter size-large\"><img loading=\"lazy\" decoding=\"async\" width=\"1024\" height=\"576\" src=\"https:\/\/www.radioamigavallenar.cl\/wp-content\/uploads\/2020\/09\/senadis-1024x576.jpg\" alt=\"\" class=\"wp-image-29180\" srcset=\"https:\/\/www.radioamigavallenar.cl\/wp-content\/uploads\/2020\/09\/senadis-1024x576.jpg 1024w, https:\/\/www.radioamigavallenar.cl\/wp-content\/uploads\/2020\/09\/senadis-300x169.jpg 300w, https:\/\/www.radioamigavallenar.cl\/wp-content\/uploads\/2020\/09\/senadis-768x432.jpg 768w, https:\/\/www.radioamigavallenar.cl\/wp-content\/uploads\/2020\/09\/senadis.jpg 1388w\" sizes=\"auto, (max-width: 1024px) 100vw, 1024px\" \/><\/figure><\/div>\n\n\n\n<p>La iniciativa contempla seminarios virtuales, noticias, cursos de autoaprendizaje, gu\u00edas y manuales formativos sobre temas asociados a la discapacidad e inclusi\u00f3n.<\/p>\n\n\n\n<p>\u00b7 Las personas interesadas deben completar un registro \u00fanico, que les permitir\u00e1 contar con credenciales de acceso a la plataforma y sus recursos de aprendizaje.<\/p>\n\n\n\n<p>\u2018Aprendiendo a Incluir\u2019 es el nombre de la nueva comunidad virtual lanzada por el Servicio Nacional de la Discapacidad, SENADIS, y la Organizaci\u00f3n Internacional del Trabajo, OIT, que brindar\u00e1 recursos formativos como seminarios, cursos, gu\u00edas de autoaprendizaje y capacitaciones gratuitas orientadas a aumentar la comprensi\u00f3n y conciencia sobre la discapacidad y la inclusi\u00f3n.<\/p>\n\n\n\n<p>Esta plataforma, que ya se encuentra disponible, est\u00e1 dirigida a profesionales de los sectores p\u00fablico, privado y del mundo sindical, en un esfuerzo por continuar fortaleciendo competencias y desarrollando herramientas que contribuyan a abrir m\u00e1s puertas a la inclusi\u00f3n y participaci\u00f3n efectiva de las personas con discapacidad.<\/p>\n\n\n\n<p>La ministra de Desarrollo Social y Familia, Karla Rubilar, manifest\u00f3 que \u201cesta plataforma va en la l\u00ednea de lo que nos ha pedido el Presidente Sebasti\u00e1n Pi\u00f1era: fomentar la inclusi\u00f3n en todos los niveles, hacer visibles a los invisibles y generar las condiciones en la sociedad para promover la participaci\u00f3n de las personas con discapacidad. Tenemos una gran deuda en esta materia y cada paso que damos hoy es pensando en ellos\u201d.<\/p>\n\n\n\n<p>Desde 2019, SENADIS junto a la OIT llevan adelante el Programa de Fortalecimiento de Capacidades para la Inclusi\u00f3n \u2013 M\u00c1S INCLUSI\u00d3N. Uno de los pilares de este programa es el desarrollo de seminarios, cursos y capacitaciones orientadas a aumentar la comprensi\u00f3n y conciencia en el \u00e1mbito p\u00fablico y de los negocios, acerca de la contribuci\u00f3n que las personas con discapacidad pueden hacer, si cuentan con las oportunidades que necesitan.<\/p>\n\n\n\n<p>En la oportunidad, la directora regional del SENADIS ATACAMA, Gabriela Villanueva, se\u00f1al\u00f3 que \u201cesto consistente en la realizaci\u00f3n de mesas regionales de di\u00e1logo, curso internacional y nacional para la formaci\u00f3n de dirigentes sindicales y funcionarios municipales. Hoy estamos orgullosos y damos un nuevo paso con el lanzamiento de esta plataforma accesible y de libre acceso que nos permitir\u00e1 continuar con actividades para la inclusi\u00f3n y participaci\u00f3n efectiva de las personas con discapacidad en el contexto de la pandemia\u201d, concluy\u00f3.<\/p>\n\n\n\n<p>En tanto, el seremi de Desarrollo Social y Familia, Luis Morales Vergara, valor\u00f3 la iniciativa impulsada por SENADIS y la OIT. \u201cEs relevante destacar el trabajo que est\u00e1 llevando a cabo la OIT y SENADIS, quienes brindar\u00e1n recursos formativos como seminarios, cursos y capacitaciones, a personas con discapacidad visual y auditiva. Esto con criterios de accesibilidad universal para facilitar el aprendizaje de todos los participantes de Atacama y el pa\u00eds\u201d.<\/p>\n\n\n\n<p>Por su parte, Fabio Bertranou, director de la Oficina de la OIT para el Cono Sur de Am\u00e9rica Latina, destac\u00f3 que \u201cjunto con poner a disposici\u00f3n esta innovadora plataforma, queremos tambi\u00e9n recoger las preocupaciones que surgen para alcanzar la inclusi\u00f3n plena de las personas con discapacidad, m\u00e1s a\u00fan en el contexto de pandemia, en que no solo se ha visto afectada la salud, sino que tambi\u00e9n el<\/p>\n\n\n\n<p>empleo de numerosas personas. En alianza con SENADIS seguimos atentos al llamado de \u201cque nadie quede atr\u00e1s\u201d, tal como consigna la Agenda 2030 que impulsa Naciones Unidas\u201d<\/p>\n\n\n\n<p>Para formar parte de esta comunidad, las personas interesadas deben completar un registro \u00fanico, que les permitir\u00e1 contar con credenciales de acceso a la plataforma y sus recursos de aprendizaje, de forma gratuita.<\/p>\n\n\n\n<p>Abriendo puertas a la inclusi\u00f3n y participaci\u00f3n<\/p>\n\n\n\n<p>El primer recurso de la plataforma es el curso de autoaprendizaje \u2018Abriendo puertas a la inclusi\u00f3n y participaci\u00f3n\u2019, que busca desarrollar competencias efectivas para que las personas, al margen de sus \u00e1reas de trabajo, sean capaces de identificar y reconocer barreras y, en consecuencia, promover acciones y entornos que brinden un trato inclusivo a las personas con discapacidad, desde una perspectiva de derechos.<\/p>\n\n\n\n<p>Este curso fue desarrollado considerando criterios de accesibilidad universal, contando para ello con la participaci\u00f3n de personas con discapacidad visual y auditiva, por lo que textos, audios y elementos gr\u00e1ficos se componen y despliegan de tal forma que faciliten el aprendizaje de todas las personas.<\/p>\n\n\n\n<p>El curso consta de tres m\u00f3dulos y nueve sesiones, las cuales se ir\u00e1n abriendo a las personas usuarias cada dos semanas, a trav\u00e9s de los d\u00edas #JuevesDeInclusi\u00f3n. La primera sesi\u00f3n, titulada \u2018Discapacidad, el concepto y su evoluci\u00f3n a nivel internacional\u2019, ya se encuentra disponible en la plataforma.<\/p>\n\n\n\n<p>Al finalizar cada sesi\u00f3n, las personas usuarias podr\u00e1n evaluar sus aprendizajes y al completar cada m\u00f3dulo, obtendr\u00e1n un certificado emitido por SENADIS y OIT.<\/p>\n\n\n\n<p>M\u00e1s informaci\u00f3n<\/p>\n\n\n\n<p>\u00b7 Conozca las caracter\u00edsticas de la plataforma: https:\/\/youtu.be\/taxe64AV-S0<\/p>\n\n\n\n<p>\u00b7 Reg\u00edstrese en la plataforma: http:\/\/bit.ly\/RegistroAprendiendoAIncluir<\/p>\n\n\n\n<p>Multimedia<\/p>\n\n\n\n<p>1. La plataforma \u00a1Aprendiendo a incluir\u2019 enviar\u00e1 novedades a las personas usuarias, cada quince d\u00edas, en los denominados jueves de inclusi\u00f3n.<\/p>\n\n\n\n<p>2. El registro \u00fanico a la plataforma permitir\u00e1 acceder a todos los recursos formativos, el primero de ellos, es el curso de autoaprendizaje \u2018Abriendo puertas a la inclusi\u00f3nn y participaci\u00f3n\u2019.<\/p>\n\n\n\n<p>3. El curso de autoaprendizaje \u2018Abriendo puertas a la inclusi\u00f3nn y participaci\u00f3n\u2019 se compone de 3 m\u00f3dulos y 9 sesiones, la primera de las cuales ya est\u00e1 disponible. Las neuvas sesiones se ir\u00e1n liberando cada dos semanas.<\/p>\n\n\n\n<p>4.El curso cuenta con herramientas de accesibilidad para las personas con discapacidad visual.<\/p>\n\n\n\n<p>5.El curso tiene herramientas interactivas que permitir\u00e1n a las personas usuarias facilitar su aprendizaje y contar con recursos descargables para futuras consultas.<\/p>\n","protected":false},"excerpt":{"rendered":"<p>La iniciativa contempla seminarios virtuales, noticias, cursos de autoaprendizaje, gu\u00edas y manuales formativos sobre temas asociados a la discapacidad e inclusi\u00f3n. \u00b7 Las personas interesadas&hellip; <\/p>\n","protected":false},"author":2,"featured_media":29180,"comment_status":"open","ping_status":"closed","sticky":false,"template":"","format":"standard","meta":{"footnotes":""},"categories":[7,37],"tags":[],"class_list":["post-29179","post","type-post","status-publish","format-standard","has-post-thumbnail","hentry","category-atacama","category-nacional"],"_links":{"self":[{"href":"https:\/\/www.radioamigavallenar.cl\/index.php?rest_route=\/wp\/v2\/posts\/29179","targetHints":{"allow":["GET"]}}],"collection":[{"href":"https:\/\/www.radioamigavallenar.cl\/index.php?rest_route=\/wp\/v2\/posts"}],"about":[{"href":"https:\/\/www.radioamigavallenar.cl\/index.php?rest_route=\/wp\/v2\/types\/post"}],"author":[{"embeddable":true,"href":"https:\/\/www.radioamigavallenar.cl\/index.php?rest_route=\/wp\/v2\/users\/2"}],"replies":[{"embeddable":true,"href":"https:\/\/www.radioamigavallenar.cl\/index.php?rest_route=%2Fwp%2Fv2%2Fcomments&post=29179"}],"version-history":[{"count":0,"href":"https:\/\/www.radioamigavallenar.cl\/index.php?rest_route=\/wp\/v2\/posts\/29179\/revisions"}],"wp:featuredmedia":[{"embeddable":true,"href":"https:\/\/www.radioamigavallenar.cl\/index.php?rest_route=\/wp\/v2\/media\/29180"}],"wp:attachment":[{"href":"https:\/\/www.radioamigavallenar.cl\/index.php?rest_route=%2Fwp%2Fv2%2Fmedia&parent=29179"}],"wp:term":[{"taxonomy":"category","embeddable":true,"href":"https:\/\/www.radioamigavallenar.cl\/index.php?rest_route=%2Fwp%2Fv2%2Fcategories&post=29179"},{"taxonomy":"post_tag","embeddable":true,"href":"https:\/\/www.radioamigavallenar.cl\/index.php?rest_route=%2Fwp%2Fv2%2Ftags&post=29179"}],"curies":[{"name":"wp","href":"https:\/\/api.w.org\/{rel}","templated":true}]}}