{"id":28777,"date":"2020-09-02T11:41:24","date_gmt":"2020-09-02T15:41:24","guid":{"rendered":"https:\/\/www.radioamigavallenar.cl\/?p=28777"},"modified":"2020-09-02T11:41:25","modified_gmt":"2020-09-02T15:41:25","slug":"residuos-solidos-realizan-seguimiento-a-plan-de-trabajo-definido-para-atacama","status":"publish","type":"post","link":"https:\/\/www.radioamigavallenar.cl\/?p=28777","title":{"rendered":"Residuos S\u00f3lidos: Realizan seguimiento a Plan de Trabajo definido para Atacama"},"content":{"rendered":"\n<div class=\"wp-block-image\"><figure class=\"aligncenter size-large\"><img loading=\"lazy\" decoding=\"async\" width=\"1024\" height=\"576\" src=\"https:\/\/www.radioamigavallenar.cl\/wp-content\/uploads\/2020\/09\/1-1024x576.png\" alt=\"\" class=\"wp-image-28778\" srcset=\"https:\/\/www.radioamigavallenar.cl\/wp-content\/uploads\/2020\/09\/1-1024x576.png 1024w, https:\/\/www.radioamigavallenar.cl\/wp-content\/uploads\/2020\/09\/1-300x169.png 300w, https:\/\/www.radioamigavallenar.cl\/wp-content\/uploads\/2020\/09\/1-768x432.png 768w, https:\/\/www.radioamigavallenar.cl\/wp-content\/uploads\/2020\/09\/1.png 1366w\" sizes=\"auto, (max-width: 1024px) 100vw, 1024px\" \/><\/figure><\/div>\n\n\n\n<p><strong>La idea es avanzar a trav\u00e9s de un trabajo coordinado con diversos organismos del estado, con la finalidad de mejorar la gesti\u00f3n de residuos s\u00f3lidos en la Regi\u00f3n de Atacama.<\/strong><\/p>\n\n\n\n<p>El Seremi de Medio Ambiente, Guillermo Ready, encabez\u00f3 la reuni\u00f3n de trabajo de la Secretaria Ejecutiva de Residuos S\u00f3lidos (SER) que se realiz\u00f3 en Copiap\u00f3, en la que municipios y servicios p\u00fablicos reportaron los avances del Plan de Trabajo priorizado por la instancia y se definieron compromisos que permitir\u00e1n concretar los aspectos pendientes.<\/p>\n\n\n\n<p>Solange Aguilera, profesional de la Seremi encargada de la Secretar\u00eda, manifest\u00f3 que \u201cen materia de disposici\u00f3n de residuos en recintos autorizados y cierre de vertederos ilegales, los avances se traducen en la pronta ejecuci\u00f3n del proyecto de saneamiento y cierre del ex vertedero de la comuna de Huasco, el proceso de generaci\u00f3n de convenio mandato y posterior toma de raz\u00f3n de la Contralor\u00eda en torno al proyecto de construcci\u00f3n del relleno sanitario de Diego de Almagro y el inicio de los estudios que permitir\u00e1n levantar el dise\u00f1o de ingenier\u00eda del futuro relleno sanitario de Cha\u00f1aral\u201d.<\/p>\n\n\n\n<p>Asimismo, se inform\u00f3 del proceso de consulta p\u00fablica de la Propuesta de Estrategia Nacional de Residuos Org\u00e1nicos (ENRO), cuyo plazo para generar observaciones es hasta el 15 de septiembre y el documento con la propuesta se encuentra disponible en el sitio web del Ministerio del Medio Ambiente &nbsp;https:\/\/consultasciudadanas.mma.gob.cl .<\/p>\n\n\n\n<p>Por su parte, el Seremi del Medio Ambiente, Guillermo Ready afirm\u00f3 que \u201cen materia de reciclaje y valorizaci\u00f3n de residuos, se reportaron los avances en las gestiones para el proyecto \u201cAtacama Elige Vidrio\u201d, iniciativa que busca realizar recolecci\u00f3n y reciclaje de vidrio en convenio con municipalidades, gestores y privados de la regi\u00f3n\u201d.<\/p>\n\n\n\n<p>El Seremi Ready tambi\u00e9n destac\u00f3 el proyecto que est\u00e1 desarrollando la Asociaci\u00f3n de Municipalidades de la Provincia del Huasco (AMUPROHU), que tiene como objetivo formular un \u201cModelo de implementaci\u00f3n de la Ley REP y Econom\u00eda Circular en la Provincia del Huasco\u201d, mediante la creaci\u00f3n de una instancia de coordinaci\u00f3n provincial y la definici\u00f3n de un plan de acci\u00f3n. El proyecto fue financiado a trav\u00e9s de fondos de la SUBDERE y es pionero a nivel nacional.<\/p>\n\n\n\n<p>La reuni\u00f3n fue convocada por la Seremi de Medio Ambiente, y cont\u00f3 con la participaci\u00f3n de representantes de servicios p\u00fablicos integrantes de la Secretar\u00eda Ejecutiva de Residuos de Atacama, como la Seremi de Salud, SUBDERE, MINVU, BBNN, MIDESO, MOP, GORE, y funcionarios de las municipalidades de la Regi\u00f3n.<\/p>\n\n\n\n<p>Finalmente, se inform\u00f3 que, durante la semana, se desarroll\u00f3 la actividad de lanzamiento de la \u201cHoja de Ruta Intersectorial de Residuos de Construcci\u00f3n y Demolici\u00f3n y Econom\u00eda Circular en Construcci\u00f3n\u201d, un instrumento gu\u00eda para la acci\u00f3n en estas materias, que el Ministerio del Medio Ambiente ha desarrollado en conjunto con CORFO, MOP y MINVU, herramienta que permitir\u00e1 orientar nuestras gestiones para estos residuos y que se trabajar\u00e1 a trav\u00e9s de la SER.<\/p>\n","protected":false},"excerpt":{"rendered":"<p>La idea es avanzar a trav\u00e9s de un trabajo coordinado con diversos organismos del estado, con la finalidad de mejorar la gesti\u00f3n de residuos s\u00f3lidos&hellip; <\/p>\n","protected":false},"author":2,"featured_media":28778,"comment_status":"open","ping_status":"closed","sticky":false,"template":"","format":"standard","meta":{"footnotes":""},"categories":[7],"tags":[],"class_list":["post-28777","post","type-post","status-publish","format-standard","has-post-thumbnail","hentry","category-atacama"],"_links":{"self":[{"href":"https:\/\/www.radioamigavallenar.cl\/index.php?rest_route=\/wp\/v2\/posts\/28777","targetHints":{"allow":["GET"]}}],"collection":[{"href":"https:\/\/www.radioamigavallenar.cl\/index.php?rest_route=\/wp\/v2\/posts"}],"about":[{"href":"https:\/\/www.radioamigavallenar.cl\/index.php?rest_route=\/wp\/v2\/types\/post"}],"author":[{"embeddable":true,"href":"https:\/\/www.radioamigavallenar.cl\/index.php?rest_route=\/wp\/v2\/users\/2"}],"replies":[{"embeddable":true,"href":"https:\/\/www.radioamigavallenar.cl\/index.php?rest_route=%2Fwp%2Fv2%2Fcomments&post=28777"}],"version-history":[{"count":0,"href":"https:\/\/www.radioamigavallenar.cl\/index.php?rest_route=\/wp\/v2\/posts\/28777\/revisions"}],"wp:featuredmedia":[{"embeddable":true,"href":"https:\/\/www.radioamigavallenar.cl\/index.php?rest_route=\/wp\/v2\/media\/28778"}],"wp:attachment":[{"href":"https:\/\/www.radioamigavallenar.cl\/index.php?rest_route=%2Fwp%2Fv2%2Fmedia&parent=28777"}],"wp:term":[{"taxonomy":"category","embeddable":true,"href":"https:\/\/www.radioamigavallenar.cl\/index.php?rest_route=%2Fwp%2Fv2%2Fcategories&post=28777"},{"taxonomy":"post_tag","embeddable":true,"href":"https:\/\/www.radioamigavallenar.cl\/index.php?rest_route=%2Fwp%2Fv2%2Ftags&post=28777"}],"curies":[{"name":"wp","href":"https:\/\/api.w.org\/{rel}","templated":true}]}}