{"id":28774,"date":"2020-09-02T07:38:26","date_gmt":"2020-09-02T11:38:26","guid":{"rendered":"https:\/\/www.radioamigavallenar.cl\/?p=28774"},"modified":"2020-09-02T07:38:27","modified_gmt":"2020-09-02T11:38:27","slug":"el-precio-del-cobre-sigue-dando-buenas-noticias","status":"publish","type":"post","link":"https:\/\/www.radioamigavallenar.cl\/?p=28774","title":{"rendered":"El precio del cobre sigue dando buenas noticias"},"content":{"rendered":"\n<div class=\"wp-block-image\"><figure class=\"aligncenter size-large\"><img loading=\"lazy\" decoding=\"async\" width=\"1024\" height=\"576\" src=\"https:\/\/www.radioamigavallenar.cl\/wp-content\/uploads\/2020\/09\/foto_0000000120200901232110-1024x576.jpg\" alt=\"\" class=\"wp-image-28775\" srcset=\"https:\/\/www.radioamigavallenar.cl\/wp-content\/uploads\/2020\/09\/foto_0000000120200901232110-1024x576.jpg 1024w, https:\/\/www.radioamigavallenar.cl\/wp-content\/uploads\/2020\/09\/foto_0000000120200901232110-300x169.jpg 300w, https:\/\/www.radioamigavallenar.cl\/wp-content\/uploads\/2020\/09\/foto_0000000120200901232110-768x432.jpg 768w, https:\/\/www.radioamigavallenar.cl\/wp-content\/uploads\/2020\/09\/foto_0000000120200901232110.jpg 1130w\" sizes=\"auto, (max-width: 1024px) 100vw, 1024px\" \/><\/figure><\/div>\n\n\n\n<p>El principal producto de exportaci\u00f3n de Chile se cotiz\u00f3 la pasada jornada en 3,07 d\u00f3lares la libra en la Bolsa de Metales de Londres.<\/p>\n\n\n\n<p>\u00abEs una buena proyecci\u00f3n desde el punto de vista de lo que ser\u00e1 el rol de la miner\u00eda\u00bb, afirm\u00f3 el ministro Baldo Prokurica.<\/p>\n\n\n\n<p>El\u00a0cobre sigue dando buenas noticias\u00a0para Chile\u00a0y ayer martes alcanz\u00f3 su precio m\u00e1ximo en dos a\u00f1os y tres meses:\u00a0se cotiz\u00f3 en 3,079 d\u00f3lares la libra en la Bolsa de Metales de Londres<\/p>\n\n\n\n<p>\u00abTenemos una noticia positiva con respecto al valor de la libra de cobre y, adem\u00e1s, es una\u00a0buena proyecci\u00f3n<strong>\u00a0<\/strong>desde el punto de vista de lo que ser\u00e1<strong>\u00a0<\/strong>el rol de la miner\u00eda no s\u00f3lo en este periodo, sino que en todo el periodo post pandemia\u00bb, dijo el\u00a0ministro de Miner\u00eda, Baldo Prokurica.<\/p>\n\n\n\n<p>El secretario de Estado destac\u00f3 que \u00abla econom\u00eda nacional va necesitar un empuje que la miner\u00eda, sin lugar a dudas, se lo va a dar,<strong>\u00a0<\/strong>para crear empleos y desarrollo\u00bb.<\/p>\n\n\n\n<p>El del martes fue el valor\u00a0m\u00e1s alto registrado desde el 22 de junio del 2018, noticia que hizo caer el precio del d\u00f3lar por quinta jornada consecutiva, cerrando el d\u00eda en 771 pesos.<\/p>\n","protected":false},"excerpt":{"rendered":"<p>El principal producto de exportaci\u00f3n de Chile se cotiz\u00f3 la pasada jornada en 3,07 d\u00f3lares la libra en la Bolsa de Metales de Londres. \u00abEs&hellip; <\/p>\n","protected":false},"author":2,"featured_media":28775,"comment_status":"open","ping_status":"closed","sticky":false,"template":"","format":"standard","meta":{"footnotes":""},"categories":[34],"tags":[],"class_list":["post-28774","post","type-post","status-publish","format-standard","has-post-thumbnail","hentry","category-mineria"],"_links":{"self":[{"href":"https:\/\/www.radioamigavallenar.cl\/index.php?rest_route=\/wp\/v2\/posts\/28774","targetHints":{"allow":["GET"]}}],"collection":[{"href":"https:\/\/www.radioamigavallenar.cl\/index.php?rest_route=\/wp\/v2\/posts"}],"about":[{"href":"https:\/\/www.radioamigavallenar.cl\/index.php?rest_route=\/wp\/v2\/types\/post"}],"author":[{"embeddable":true,"href":"https:\/\/www.radioamigavallenar.cl\/index.php?rest_route=\/wp\/v2\/users\/2"}],"replies":[{"embeddable":true,"href":"https:\/\/www.radioamigavallenar.cl\/index.php?rest_route=%2Fwp%2Fv2%2Fcomments&post=28774"}],"version-history":[{"count":0,"href":"https:\/\/www.radioamigavallenar.cl\/index.php?rest_route=\/wp\/v2\/posts\/28774\/revisions"}],"wp:featuredmedia":[{"embeddable":true,"href":"https:\/\/www.radioamigavallenar.cl\/index.php?rest_route=\/wp\/v2\/media\/28775"}],"wp:attachment":[{"href":"https:\/\/www.radioamigavallenar.cl\/index.php?rest_route=%2Fwp%2Fv2%2Fmedia&parent=28774"}],"wp:term":[{"taxonomy":"category","embeddable":true,"href":"https:\/\/www.radioamigavallenar.cl\/index.php?rest_route=%2Fwp%2Fv2%2Fcategories&post=28774"},{"taxonomy":"post_tag","embeddable":true,"href":"https:\/\/www.radioamigavallenar.cl\/index.php?rest_route=%2Fwp%2Fv2%2Ftags&post=28774"}],"curies":[{"name":"wp","href":"https:\/\/api.w.org\/{rel}","templated":true}]}}