{"id":28771,"date":"2020-09-02T07:32:15","date_gmt":"2020-09-02T11:32:15","guid":{"rendered":"https:\/\/www.radioamigavallenar.cl\/?p=28771"},"modified":"2020-09-02T07:32:16","modified_gmt":"2020-09-02T11:32:16","slug":"plantel-de-deportes-vallenar-sometido-a-examenes-medicos-preventivos","status":"publish","type":"post","link":"https:\/\/www.radioamigavallenar.cl\/?p=28771","title":{"rendered":"Plantel de Deportes Vallenar sometido a ex\u00e1menes m\u00e9dicos preventivos"},"content":{"rendered":"\n<figure class=\"wp-block-image size-large\"><img loading=\"lazy\" decoding=\"async\" width=\"720\" height=\"960\" src=\"https:\/\/www.radioamigavallenar.cl\/wp-content\/uploads\/2020\/09\/examen.jpg\" alt=\"\" class=\"wp-image-28772\" srcset=\"https:\/\/www.radioamigavallenar.cl\/wp-content\/uploads\/2020\/09\/examen.jpg 720w, https:\/\/www.radioamigavallenar.cl\/wp-content\/uploads\/2020\/09\/examen-225x300.jpg 225w\" sizes=\"auto, (max-width: 720px) 100vw, 720px\" \/><\/figure>\n\n\n\n<p>El plantel de Club de Deportes Vallenar, entre jugadores, cuerpo t\u00e9cnico dirigentes, se realizaron el test r\u00e1pido, que es un examen que se utiliza para determinar la presencia de anticuerpos (IgM e IgG), los cuales aparecen despu\u00e9s que un paciente haya sido infectado con SARS CoV-2.<\/p>\n\n\n\n<p>La muestra fue tomada por el jefe del \u00e1rea m\u00e9dica del club, kinesi\u00f3logo Luis Rivera, y los resultados de todos fueron negativos.<\/p>\n\n\n\n<p>Este s\u00e1bado 05 de septiembre, el plantel de Deportes Vallenar se someter\u00e1 al PCR para continuar con los protocolos que establece la ANFP a todos los equipos profesionales del f\u00fatbol chileno, que comienzan la etapa de entrenamientos.<\/p>\n\n\n\n<p>En lo deportivo, el plantel ya lleg\u00f3 a la ciudad y junto al cuerpo t\u00e9cnico comienzan sus entrenamientos en el complejo de Villa El Ed\u00e9n, bajo el mando t\u00e9cnico de Pablo Pacheco. S\u00f3lo falta que arriben los jugadores extranjeros, que deben cumplir con ciertos requisitos que ha impuesto Argentina por la pandemia.<\/p>\n","protected":false},"excerpt":{"rendered":"<p>El plantel de Club de Deportes Vallenar, entre jugadores, cuerpo t\u00e9cnico dirigentes, se realizaron el test r\u00e1pido, que es un examen que se utiliza para&hellip; <\/p>\n","protected":false},"author":2,"featured_media":28772,"comment_status":"open","ping_status":"closed","sticky":false,"template":"","format":"standard","meta":{"footnotes":""},"categories":[8,2],"tags":[],"class_list":["post-28771","post","type-post","status-publish","format-standard","has-post-thumbnail","hentry","category-deportes","category-vallenar"],"_links":{"self":[{"href":"https:\/\/www.radioamigavallenar.cl\/index.php?rest_route=\/wp\/v2\/posts\/28771","targetHints":{"allow":["GET"]}}],"collection":[{"href":"https:\/\/www.radioamigavallenar.cl\/index.php?rest_route=\/wp\/v2\/posts"}],"about":[{"href":"https:\/\/www.radioamigavallenar.cl\/index.php?rest_route=\/wp\/v2\/types\/post"}],"author":[{"embeddable":true,"href":"https:\/\/www.radioamigavallenar.cl\/index.php?rest_route=\/wp\/v2\/users\/2"}],"replies":[{"embeddable":true,"href":"https:\/\/www.radioamigavallenar.cl\/index.php?rest_route=%2Fwp%2Fv2%2Fcomments&post=28771"}],"version-history":[{"count":0,"href":"https:\/\/www.radioamigavallenar.cl\/index.php?rest_route=\/wp\/v2\/posts\/28771\/revisions"}],"wp:featuredmedia":[{"embeddable":true,"href":"https:\/\/www.radioamigavallenar.cl\/index.php?rest_route=\/wp\/v2\/media\/28772"}],"wp:attachment":[{"href":"https:\/\/www.radioamigavallenar.cl\/index.php?rest_route=%2Fwp%2Fv2%2Fmedia&parent=28771"}],"wp:term":[{"taxonomy":"category","embeddable":true,"href":"https:\/\/www.radioamigavallenar.cl\/index.php?rest_route=%2Fwp%2Fv2%2Fcategories&post=28771"},{"taxonomy":"post_tag","embeddable":true,"href":"https:\/\/www.radioamigavallenar.cl\/index.php?rest_route=%2Fwp%2Fv2%2Ftags&post=28771"}],"curies":[{"name":"wp","href":"https:\/\/api.w.org\/{rel}","templated":true}]}}