{"id":28768,"date":"2020-09-02T07:29:05","date_gmt":"2020-09-02T11:29:05","guid":{"rendered":"https:\/\/www.radioamigavallenar.cl\/?p=28768"},"modified":"2020-09-02T07:29:06","modified_gmt":"2020-09-02T11:29:06","slug":"estudiantes-realizan-novedosa-version-del-encuentro-de-leyendas-de-la-escuela-republica-de-los-eeuu-de-vallenar","status":"publish","type":"post","link":"https:\/\/www.radioamigavallenar.cl\/?p=28768","title":{"rendered":"Estudiantes realizan novedosa versi\u00f3n del Encuentro de Leyendas de la Escuela Rep\u00fablica de los EEUU de Vallenar"},"content":{"rendered":"\n<div class=\"wp-block-image\"><figure class=\"aligncenter size-large\"><img loading=\"lazy\" decoding=\"async\" width=\"1024\" height=\"576\" src=\"https:\/\/www.radioamigavallenar.cl\/wp-content\/uploads\/2020\/09\/Encuentro-de-Leyendas-0.png\" alt=\"\" class=\"wp-image-28769\" srcset=\"https:\/\/www.radioamigavallenar.cl\/wp-content\/uploads\/2020\/09\/Encuentro-de-Leyendas-0.png 1024w, https:\/\/www.radioamigavallenar.cl\/wp-content\/uploads\/2020\/09\/Encuentro-de-Leyendas-0-300x169.png 300w, https:\/\/www.radioamigavallenar.cl\/wp-content\/uploads\/2020\/09\/Encuentro-de-Leyendas-0-768x432.png 768w\" sizes=\"auto, (max-width: 1024px) 100vw, 1024px\" \/><\/figure><\/div>\n\n\n\n<p>Este a\u00f1o y como ya es tradici\u00f3n entre la comunidad educativa de la Escuela Rep\u00fablica de los Estados Unidos de Vallenar, se celebr\u00f3 la XII versi\u00f3n del \u201cEncuentro de Leyendas\u201d, actividad educativa en la asignatura de Lenguaje y Comunicaci\u00f3n, que permite que los y las estudiantes, conozcan sobre mitos y leyendas, chilenas y locales.&nbsp;<\/p>\n\n\n\n<p>Debido a la pandemia que estamos viviendo a nivel mundial, la escuela tuvo que reinventar su tradicional \u201cEncuentro de Leyendas\u201d. Esta nueva versi\u00f3n fue totalmente digital, con c\u00e1psulas creadas por los estudiantes de los distintos niveles, quienes se apoyaron en las historias, mitos y leyendas que sus abuelos o familiares les contaron, para as\u00ed poder difundirla ante la comunidad local.&nbsp;<\/p>\n\n\n\n<p>\u201cEstamos culminando este encuentro de leyendas muy diferente, pero gracias a la creatividad de las maestras, alumnos y familias, se realiz\u00f3 un encuentro virtual maravilloso. La escuela una vez m\u00e1s, ha sido un espacio de crecimiento personal donde los estudiantes disfrutan el aprendizaje\u201d, coment\u00f3 Laura Campillay Contreras, directora del establecimiento.<\/p>\n\n\n\n<p>El Misterio de Sauce Montt, La Historia del Tue-Tue, El Alicanto, Tololo Pampa, La Historia de la A\u00f1a\u00f1uca, entre otras, fueron parte de las leyendas que las familias compartieron en torno a este D\u00e9cimo Segundo Encuentro de Leyendas 2020.<\/p>\n\n\n\n<p>Con relaci\u00f3n al sello del establecimiento, la directora coment\u00f3 que \u201csi consideramos que la inclusi\u00f3n es un proceso de b\u00fasqueda y tambi\u00e9n una responsabilidad social, con estas actividades tan entretenidas y significativas, estamos incorporando al ni\u00f1o, no s\u00f3lo al sistema educativo desde el punto de vista pedag\u00f3gico, sino que potenciamos lo social, afectivo, cultural y emocional. Las leyendas contadas por cada familia quedan en la memoria de nuestros y nuestras estudiantes y sin duda es el mejor aprendizaje de vida\u201d.<\/p>\n\n\n\n<p>La iniciativa que ha sido organizada por 12 a\u00f1os en el establecimiento educacional con sello inclusivo, es apoyada por el Centro de Padres, Madres y Apoderados y cont\u00f3 con colaboraci\u00f3n del Servicio Local de Educaci\u00f3n P\u00fablica \u2013SLEP- Huasco y el Museo de Vallenar \u201cAlfonso Sanguinetti Mulet\u201d.<\/p>\n","protected":false},"excerpt":{"rendered":"<p>Este a\u00f1o y como ya es tradici\u00f3n entre la comunidad educativa de la Escuela Rep\u00fablica de los Estados Unidos de Vallenar, se celebr\u00f3 la XII&hellip; <\/p>\n","protected":false},"author":2,"featured_media":28769,"comment_status":"open","ping_status":"closed","sticky":false,"template":"","format":"standard","meta":{"footnotes":""},"categories":[1,2],"tags":[],"class_list":["post-28768","post","type-post","status-publish","format-standard","has-post-thumbnail","hentry","category-provincia-del-huasco-2","category-vallenar"],"_links":{"self":[{"href":"https:\/\/www.radioamigavallenar.cl\/index.php?rest_route=\/wp\/v2\/posts\/28768","targetHints":{"allow":["GET"]}}],"collection":[{"href":"https:\/\/www.radioamigavallenar.cl\/index.php?rest_route=\/wp\/v2\/posts"}],"about":[{"href":"https:\/\/www.radioamigavallenar.cl\/index.php?rest_route=\/wp\/v2\/types\/post"}],"author":[{"embeddable":true,"href":"https:\/\/www.radioamigavallenar.cl\/index.php?rest_route=\/wp\/v2\/users\/2"}],"replies":[{"embeddable":true,"href":"https:\/\/www.radioamigavallenar.cl\/index.php?rest_route=%2Fwp%2Fv2%2Fcomments&post=28768"}],"version-history":[{"count":0,"href":"https:\/\/www.radioamigavallenar.cl\/index.php?rest_route=\/wp\/v2\/posts\/28768\/revisions"}],"wp:featuredmedia":[{"embeddable":true,"href":"https:\/\/www.radioamigavallenar.cl\/index.php?rest_route=\/wp\/v2\/media\/28769"}],"wp:attachment":[{"href":"https:\/\/www.radioamigavallenar.cl\/index.php?rest_route=%2Fwp%2Fv2%2Fmedia&parent=28768"}],"wp:term":[{"taxonomy":"category","embeddable":true,"href":"https:\/\/www.radioamigavallenar.cl\/index.php?rest_route=%2Fwp%2Fv2%2Fcategories&post=28768"},{"taxonomy":"post_tag","embeddable":true,"href":"https:\/\/www.radioamigavallenar.cl\/index.php?rest_route=%2Fwp%2Fv2%2Ftags&post=28768"}],"curies":[{"name":"wp","href":"https:\/\/api.w.org\/{rel}","templated":true}]}}