{"id":28765,"date":"2020-09-02T07:26:51","date_gmt":"2020-09-02T11:26:51","guid":{"rendered":"https:\/\/www.radioamigavallenar.cl\/?p=28765"},"modified":"2020-09-02T07:26:54","modified_gmt":"2020-09-02T11:26:54","slug":"trabajo-asociativo-permite-la-entrega-de-1-400-pack-de-alimentos-para-familias-vulnerables-de-atacama","status":"publish","type":"post","link":"https:\/\/www.radioamigavallenar.cl\/?p=28765","title":{"rendered":"Trabajo asociativo permite la entrega de 1.400 pack de alimentos para familias vulnerables de Atacama"},"content":{"rendered":"\n<div class=\"wp-block-image\"><figure class=\"aligncenter size-large\"><img loading=\"lazy\" decoding=\"async\" width=\"1024\" height=\"768\" src=\"https:\/\/www.radioamigavallenar.cl\/wp-content\/uploads\/2020\/09\/ayuda-adulto-mayor-dessocial.jpeg\" alt=\"\" class=\"wp-image-28766\" srcset=\"https:\/\/www.radioamigavallenar.cl\/wp-content\/uploads\/2020\/09\/ayuda-adulto-mayor-dessocial.jpeg 1024w, https:\/\/www.radioamigavallenar.cl\/wp-content\/uploads\/2020\/09\/ayuda-adulto-mayor-dessocial-300x225.jpeg 300w, https:\/\/www.radioamigavallenar.cl\/wp-content\/uploads\/2020\/09\/ayuda-adulto-mayor-dessocial-768x576.jpeg 768w\" sizes=\"auto, (max-width: 1024px) 100vw, 1024px\" \/><\/figure><\/div>\n\n\n\n<p>A fines del mes de abril, el Ministerio de Desarrollo Social y Familia comenz\u00f3 la implementaci\u00f3n de una Mesa de Grupos Vulnerables en la Regi\u00f3n de Atacama, con el \u00e1nimo de poder atender las necesidades de las familias m\u00e1s afectadas por la pandemia.<\/p>\n\n\n\n<p>Esta iniciativa ha permitido crear diversos trabajos asociativos entre la entidad gubernamental y la sociedad civil. Dentro de estas alianzas, cabe destacar la gesti\u00f3n de la agrupaci\u00f3n \u201cAmigos de Copiap\u00f3\u201d, quienes donaron un total de 1.369 pack de alimentos para ser distribuidas por parte del ministerio a adultos&nbsp; mayores, personas vulnerables, jefes o jefas de hogar sin trabajo, personas en situaci\u00f3n calle y m\u00e1s<\/p>\n\n\n\n<p>El proceso de entrega de esta ayuda social se hizo efectivo entre el 17 de Abril y el 21 de agosto 2020, llegando a diversos rincones de la regi\u00f3n y ayudando a quienes m\u00e1s lo necesitan. \u201cPara nosotros como Gobierno, es primordial poder contar con este tipo de alianzas, ya que nos permite seguir fortaleciendo la Red de Proyecci\u00f3n Social que lidera el Presidente Pi\u00f1era. Por ende, es importante hacer un llamado a todas las juntas de vecinos y organizaciones comunitarias que solicitan ayuda humanitaria, a que realicen un buen uso de los insumos entregados. Siempre priorizando el bien com\u00fan y el resguardo de los grupos especialmente sensibles como adultos mayores, personas con discapacidad y personas en situaci\u00f3n de calle. Y es que, nuestro rol de articulador y coordinador de la ayuda requiere de un alto compromiso de los dirigentes de cada comuna, para as\u00ed llegar a las personas que m\u00e1s lo necesitan, de manera digna y siempre con respeto\u201d, manifest\u00f3 el seremi de Desarrollo Social y Familia de Atacama, Luis Morales Vergara.<\/p>\n\n\n\n<p>Por su parte, Alexis Pizarro, coordinador de la agrupaci\u00f3n \u201cAmigos de Copiap\u00f3\u201d, sostuvo que \u201ccon un grupo de amigos decidimos hacer una campa\u00f1a para llevar pack de alimentos a personas vulnerables y con bajas redes de apoyo. Sin embargo, debido a los efectos de la pandemia, se nos hizo un poco complicada la distribuci\u00f3n de esta ayuda social una vez por semana. Por ello, nos contactamos con la serem\u00eda de Desarrollo Social y Familia para poder organizar la log\u00edstica de entrega a diversos grupos, y as\u00ed llevarle a la puerta de sus casas un sustento fundamental como lo es el alimento y materiales de higiene\u201d.<\/p>\n\n\n\n<p>Adem\u00e1s, el coordinador de la agrupaci\u00f3n se refiri\u00f3 a la responsabilidad que se requiere a la hora de hacer efectivas estas ayudas. \u201cEs importante invitar a las personas que puedan utilizar este apoyo de buena forma, evitando hacer mal uso de las donaciones y sus implementos, sobre todo en redes sociales, ya que el \u00fanico objetivo de este grupo de amigos es ayudar a las familias afectadas, sin propaganda. Esperamos poder seguir ayudando a los grupos vulnerables y contar con el apoyo de las autoridades u organizaciones sociales que est\u00e1n en condiciones de hacer una entrega segura de estos alimentos\u201d.<\/p>\n\n\n\n<p>De la mano de estas ayudas sociales, la secretar\u00eda regional ministerial de Desarrollo Social y Familia, con el objeto de mejorar la gesti\u00f3n y control de las ayudas, ha implementado un software de proyectos denominado&nbsp;<em>Trello<\/em>, el cual permite el an\u00e1lisis de datos en tiempo real de alertas para las necesidades de las organizaciones y organismos p\u00fablicos que participan en la Mesa de Grupos Vulnerables.<\/p>\n\n\n\n<h3 class=\"has-text-align-center wp-block-heading\"><strong>Plataforma Red de Protecci\u00f3n Social<\/strong><\/h3>\n\n\n\n<p>En esta misma l\u00ednea, la ministra del ministerio de Desarrollo Social y Familia, Karla Rubilar present\u00f3 la plataforma web&nbsp;&nbsp;<a href=\"http:\/\/www.xn--proteccinsocial-2rb.gob.cl\/\">www.protecci\u00f3nsocial.gob.cl<\/a>, la cual permite a los ciudadanos tener una mirada m\u00e1s personalizada de la protecci\u00f3n social, unificando y simplificando el acceso a los beneficios, y contribuyendo a la toma de decisiones de manera m\u00e1s simple y oportuna.<\/p>\n\n\n\n<p>Entre la informaci\u00f3n que contiene se encuentran cerca de 50 medidas econ\u00f3micas y sociales que el Gobierno ha impulsado en el marco de la pandemia como el Ingreso Familiar de Emergencia I y II, Bono Clase Media y Pr\u00e9stamo Solidario, la Ley de Protecci\u00f3n del Empleo, Apoyo a los Ingresos de Trabajadores Independientes, Ingreso M\u00ednimo Garantizado, entre otros.<\/p>\n\n\n\n<p>Al respecto la ministra Rubilar destac\u00f3 que \u201ces una p\u00e1gina web que nos va a permitir ir mostrando todos los beneficiando, ir llen\u00e1ndola e interactuando con los diferentes ministerios y servicios, y que al t\u00e9rmino del mandato del Presidente, Sebasti\u00e1n Pi\u00f1era, tal cual como \u00e9l nos encomend\u00f3, podamos tener s\u00f3lo una p\u00e1gina web, un portal \u00fanico para que con su RUT y su clave \u00fanica, la ciudadan\u00eda conozca todas las prestaciones y beneficios del Estado a los que pueda acceder\u201d.<\/p>\n\n\n\n<p>Al respecto, la ministra Rubilar destac\u00f3 que \u201ces una p\u00e1gina web que nos va a permitir ir mostrando todos los beneficiando, ir llen\u00e1ndola e interactuando con los diferentes ministerios y servicios, y que al t\u00e9rmino del mandato del Presidente, Sebasti\u00e1n Pi\u00f1era, tal cual como \u00e9l nos encomend\u00f3, podamos tener s\u00f3lo una p\u00e1gina web, un portal \u00fanico para que con su RUT y su clave \u00fanica, la ciudadan\u00eda conozca todas las prestaciones y beneficios del Estado a los que pueda acceder\u201d.<\/p>\n\n\n\n<p>Cabe destacar que, esta p\u00e1gina est\u00e1 construida con lenguaje ciudadano y directo, lo que permite a los usuarios encontrar m\u00e1s de 230 beneficios del Estado a los cuales podr\u00edan acceder de forma f\u00e1cil.<\/p>\n","protected":false},"excerpt":{"rendered":"<p>A fines del mes de abril, el Ministerio de Desarrollo Social y Familia comenz\u00f3 la implementaci\u00f3n de una Mesa de Grupos Vulnerables en la Regi\u00f3n&hellip; <\/p>\n","protected":false},"author":2,"featured_media":28766,"comment_status":"open","ping_status":"closed","sticky":false,"template":"","format":"standard","meta":{"footnotes":""},"categories":[7],"tags":[],"class_list":["post-28765","post","type-post","status-publish","format-standard","has-post-thumbnail","hentry","category-atacama"],"_links":{"self":[{"href":"https:\/\/www.radioamigavallenar.cl\/index.php?rest_route=\/wp\/v2\/posts\/28765","targetHints":{"allow":["GET"]}}],"collection":[{"href":"https:\/\/www.radioamigavallenar.cl\/index.php?rest_route=\/wp\/v2\/posts"}],"about":[{"href":"https:\/\/www.radioamigavallenar.cl\/index.php?rest_route=\/wp\/v2\/types\/post"}],"author":[{"embeddable":true,"href":"https:\/\/www.radioamigavallenar.cl\/index.php?rest_route=\/wp\/v2\/users\/2"}],"replies":[{"embeddable":true,"href":"https:\/\/www.radioamigavallenar.cl\/index.php?rest_route=%2Fwp%2Fv2%2Fcomments&post=28765"}],"version-history":[{"count":0,"href":"https:\/\/www.radioamigavallenar.cl\/index.php?rest_route=\/wp\/v2\/posts\/28765\/revisions"}],"wp:featuredmedia":[{"embeddable":true,"href":"https:\/\/www.radioamigavallenar.cl\/index.php?rest_route=\/wp\/v2\/media\/28766"}],"wp:attachment":[{"href":"https:\/\/www.radioamigavallenar.cl\/index.php?rest_route=%2Fwp%2Fv2%2Fmedia&parent=28765"}],"wp:term":[{"taxonomy":"category","embeddable":true,"href":"https:\/\/www.radioamigavallenar.cl\/index.php?rest_route=%2Fwp%2Fv2%2Fcategories&post=28765"},{"taxonomy":"post_tag","embeddable":true,"href":"https:\/\/www.radioamigavallenar.cl\/index.php?rest_route=%2Fwp%2Fv2%2Ftags&post=28765"}],"curies":[{"name":"wp","href":"https:\/\/api.w.org\/{rel}","templated":true}]}}