{"id":28540,"date":"2020-08-27T12:55:07","date_gmt":"2020-08-27T16:55:07","guid":{"rendered":"https:\/\/www.radioamigavallenar.cl\/?p=28540"},"modified":"2020-08-27T12:55:14","modified_gmt":"2020-08-27T16:55:14","slug":"atacama-sumo-este-jueves-38-casos-nuevos-de-coronavirus","status":"publish","type":"post","link":"https:\/\/www.radioamigavallenar.cl\/?p=28540","title":{"rendered":"Atacama sum\u00f3 este jueves 38 casos nuevos de Coronavirus"},"content":{"rendered":"\n<div class=\"wp-block-image\"><figure class=\"aligncenter size-large\"><img loading=\"lazy\" decoding=\"async\" width=\"1024\" height=\"576\" src=\"https:\/\/www.radioamigavallenar.cl\/wp-content\/uploads\/2020\/08\/covid-1024x576.jpg\" alt=\"\" class=\"wp-image-28118\" srcset=\"https:\/\/www.radioamigavallenar.cl\/wp-content\/uploads\/2020\/08\/covid-1024x576.jpg 1024w, https:\/\/www.radioamigavallenar.cl\/wp-content\/uploads\/2020\/08\/covid-300x169.jpg 300w, https:\/\/www.radioamigavallenar.cl\/wp-content\/uploads\/2020\/08\/covid-768x432.jpg 768w, https:\/\/www.radioamigavallenar.cl\/wp-content\/uploads\/2020\/08\/covid.jpg 1200w\" sizes=\"auto, (max-width: 1024px) 100vw, 1024px\" \/><\/figure><\/div>\n\n\n\n<p><strong>603 casos activos a nivel regional.<\/strong><\/p>\n\n\n\n<p>El Minsal entreg\u00f3 este jueves el nuevo reporte Covid-19 para Atacama, donde se indica de\u00a038 nuevos casos positivos de Coronavirus, de ellos\u00a022 fueron casos sintom\u00e1ticos\u00a0y\u00a015 casos sin s\u00edntomas, adem\u00e1s se inform\u00f3 de 603 casos activos en la regi\u00f3n.<\/p>\n\n\n\n<p>19 de los casos corresponden a la comuna de Copiap\u00f3, 6 casos pertenecen a la comuna de Vallenar, 6 de los casos pertenecen a la comuna de Caldera, 6 casos corresponden a la comuna de Diego de Almagro y finalmente 1 caso a la comuna de Huasco.<\/p>\n\n\n\n<p>Con estas cifras la regi\u00f3n alcanza a la fecha un total de 5.413 casos de Coronavirus.<\/p>\n","protected":false},"excerpt":{"rendered":"<p>603 casos activos a nivel regional. El Minsal entreg\u00f3 este jueves el nuevo reporte Covid-19 para Atacama, donde se indica de\u00a038 nuevos casos positivos de&hellip; <\/p>\n","protected":false},"author":2,"featured_media":28118,"comment_status":"open","ping_status":"closed","sticky":false,"template":"","format":"standard","meta":{"footnotes":""},"categories":[7],"tags":[],"class_list":["post-28540","post","type-post","status-publish","format-standard","has-post-thumbnail","hentry","category-atacama"],"_links":{"self":[{"href":"https:\/\/www.radioamigavallenar.cl\/index.php?rest_route=\/wp\/v2\/posts\/28540","targetHints":{"allow":["GET"]}}],"collection":[{"href":"https:\/\/www.radioamigavallenar.cl\/index.php?rest_route=\/wp\/v2\/posts"}],"about":[{"href":"https:\/\/www.radioamigavallenar.cl\/index.php?rest_route=\/wp\/v2\/types\/post"}],"author":[{"embeddable":true,"href":"https:\/\/www.radioamigavallenar.cl\/index.php?rest_route=\/wp\/v2\/users\/2"}],"replies":[{"embeddable":true,"href":"https:\/\/www.radioamigavallenar.cl\/index.php?rest_route=%2Fwp%2Fv2%2Fcomments&post=28540"}],"version-history":[{"count":0,"href":"https:\/\/www.radioamigavallenar.cl\/index.php?rest_route=\/wp\/v2\/posts\/28540\/revisions"}],"wp:featuredmedia":[{"embeddable":true,"href":"https:\/\/www.radioamigavallenar.cl\/index.php?rest_route=\/wp\/v2\/media\/28118"}],"wp:attachment":[{"href":"https:\/\/www.radioamigavallenar.cl\/index.php?rest_route=%2Fwp%2Fv2%2Fmedia&parent=28540"}],"wp:term":[{"taxonomy":"category","embeddable":true,"href":"https:\/\/www.radioamigavallenar.cl\/index.php?rest_route=%2Fwp%2Fv2%2Fcategories&post=28540"},{"taxonomy":"post_tag","embeddable":true,"href":"https:\/\/www.radioamigavallenar.cl\/index.php?rest_route=%2Fwp%2Fv2%2Ftags&post=28540"}],"curies":[{"name":"wp","href":"https:\/\/api.w.org\/{rel}","templated":true}]}}