{"id":28538,"date":"2020-08-27T12:53:53","date_gmt":"2020-08-27T16:53:53","guid":{"rendered":"https:\/\/www.radioamigavallenar.cl\/?p=28538"},"modified":"2020-08-27T12:53:54","modified_gmt":"2020-08-27T16:53:54","slug":"servicio-de-salud-informo-nuevo-fallecido-por-coronavirus-en-atacama","status":"publish","type":"post","link":"https:\/\/www.radioamigavallenar.cl\/?p=28538","title":{"rendered":"Servicio de Salud inform\u00f3 nuevo fallecido por Coronavirus en Atacama"},"content":{"rendered":"\n<div class=\"wp-block-image\"><figure class=\"aligncenter size-large\"><img decoding=\"async\" src=\"https:\/\/www.radioamigavallenar.cl\/wp-content\/uploads\/2020\/04\/claudio-baeza.jpg\" alt=\"\" class=\"wp-image-23236\"\/><\/figure><\/div>\n\n\n\n<p><strong>Paciente permanec\u00eda internado en el Hospital regional.<\/strong><\/p>\n\n\n\n<p>El Servicio de Salud de Atacama inform\u00f3 este jueves el fallecimiento de un paciente afectado por Coronavirus en la Regi\u00f3n de Atacama.<\/p>\n\n\n\n<p>El paciente de 78 a\u00f1os se encontraba internado en el Hospital Regional de Copiap\u00f3. Pese a los esfuerzos de los profesionales de la salud, el paciente falleci\u00f3 debido a las complicaciones provocadas por esta grave enfermedad.<\/p>\n\n\n\n<p>Finalmente indicar que su residencia corresponde a la comuna de Copiap\u00f3. De esta manera, Atacama registra a la fecha 51 personas fallecidas producto de la pandemia.<\/p>\n","protected":false},"excerpt":{"rendered":"<p>Paciente permanec\u00eda internado en el Hospital regional. El Servicio de Salud de Atacama inform\u00f3 este jueves el fallecimiento de un paciente afectado por Coronavirus en&hellip; <\/p>\n","protected":false},"author":2,"featured_media":0,"comment_status":"open","ping_status":"closed","sticky":false,"template":"","format":"standard","meta":{"footnotes":""},"categories":[7],"tags":[],"class_list":["post-28538","post","type-post","status-publish","format-standard","hentry","category-atacama"],"_links":{"self":[{"href":"https:\/\/www.radioamigavallenar.cl\/index.php?rest_route=\/wp\/v2\/posts\/28538","targetHints":{"allow":["GET"]}}],"collection":[{"href":"https:\/\/www.radioamigavallenar.cl\/index.php?rest_route=\/wp\/v2\/posts"}],"about":[{"href":"https:\/\/www.radioamigavallenar.cl\/index.php?rest_route=\/wp\/v2\/types\/post"}],"author":[{"embeddable":true,"href":"https:\/\/www.radioamigavallenar.cl\/index.php?rest_route=\/wp\/v2\/users\/2"}],"replies":[{"embeddable":true,"href":"https:\/\/www.radioamigavallenar.cl\/index.php?rest_route=%2Fwp%2Fv2%2Fcomments&post=28538"}],"version-history":[{"count":0,"href":"https:\/\/www.radioamigavallenar.cl\/index.php?rest_route=\/wp\/v2\/posts\/28538\/revisions"}],"wp:attachment":[{"href":"https:\/\/www.radioamigavallenar.cl\/index.php?rest_route=%2Fwp%2Fv2%2Fmedia&parent=28538"}],"wp:term":[{"taxonomy":"category","embeddable":true,"href":"https:\/\/www.radioamigavallenar.cl\/index.php?rest_route=%2Fwp%2Fv2%2Fcategories&post=28538"},{"taxonomy":"post_tag","embeddable":true,"href":"https:\/\/www.radioamigavallenar.cl\/index.php?rest_route=%2Fwp%2Fv2%2Ftags&post=28538"}],"curies":[{"name":"wp","href":"https:\/\/api.w.org\/{rel}","templated":true}]}}