{"id":28534,"date":"2020-08-27T11:30:20","date_gmt":"2020-08-27T15:30:20","guid":{"rendered":"https:\/\/www.radioamigavallenar.cl\/?p=28534"},"modified":"2020-08-27T11:31:07","modified_gmt":"2020-08-27T15:31:07","slug":"seremi-carlos-leal-llama-a-postular-a-la-feria-laboral-macro-zona-norte-de-sence","status":"publish","type":"post","link":"https:\/\/www.radioamigavallenar.cl\/?p=28534","title":{"rendered":"Seremi Carlos Leal llama a postular a la Feria Laboral Macro zona Norte de Sence"},"content":{"rendered":"\n<div class=\"wp-block-image\"><figure class=\"aligncenter size-large\"><img loading=\"lazy\" decoding=\"async\" width=\"1024\" height=\"768\" src=\"https:\/\/www.radioamigavallenar.cl\/wp-content\/uploads\/2020\/08\/WhatsApp-Image-2020-08-25-at-10.35.25-1-1-1024x768.jpeg\" alt=\"\" class=\"wp-image-28535\" srcset=\"https:\/\/www.radioamigavallenar.cl\/wp-content\/uploads\/2020\/08\/WhatsApp-Image-2020-08-25-at-10.35.25-1-1-1024x768.jpeg 1024w, https:\/\/www.radioamigavallenar.cl\/wp-content\/uploads\/2020\/08\/WhatsApp-Image-2020-08-25-at-10.35.25-1-1-300x225.jpeg 300w, https:\/\/www.radioamigavallenar.cl\/wp-content\/uploads\/2020\/08\/WhatsApp-Image-2020-08-25-at-10.35.25-1-1-768x576.jpeg 768w, https:\/\/www.radioamigavallenar.cl\/wp-content\/uploads\/2020\/08\/WhatsApp-Image-2020-08-25-at-10.35.25-1-1.jpeg 1280w\" sizes=\"auto, (max-width: 1024px) 100vw, 1024px\" \/><\/figure><\/div>\n\n\n\n<p>Esta vez, la Feria Laboral contempla a las regiones de Arica, Tarapac\u00e1, Antofagasta y Atacama y se realizar\u00e1 hasta ma\u00f1ana viernes 28 de agosto.<\/p>\n\n\n\n<p>El Ministerio del Trabajo a trav\u00e9s del Servicio Nacional de Capacitaci\u00f3n y Empleo (Sence) ha realizado una serie de medidas para reducir el impacto de la crisis sanitaria en el empleo. Las Ferias Laborales son una de ellas, las que se han adaptado a la situaci\u00f3n actual y se realizan de manera 100% online, lo que va en directo lineamiento con el llamado que ha realizado el Presidente Pi\u00f1era y la autoridad sanitaria a quedarse en casa.<\/p>\n\n\n\n<p>El Secretario Regional Ministerial del Trabajo y Previsi\u00f3n Social, Carlos Leal Varas explic\u00f3 que \u201ccomo Ministerio hemos realizado todos los esfuerzos para responder de la mejor manera a lo encomendado por el Presidente Pi\u00f1era y nuestros compatriotas, reactivas las fuentes laborales. Es por esto que se ha creado la ley de protecci\u00f3n del empleo, la ley de crianza protegida, la ley de teletrabajo y trabajo a distancia, se han inyectado recursos nunca antes visto en la historia en materia laboral, y ahora estamos realizando esta Primera Feria Laboral que une a toda la macro zona norte. Sin perjuicio de lo anterior, recordemos que hace pocas semanas realizamos una feria laboral virtual a nivel regional con m\u00e1s de 3 mil puestos laborales\u201d<\/p>\n\n\n\n<p>La autoridad hizo el llamado a la comunidad a \u201cpostular a estos puestos laborales, estamos creando todas las oportunidades para que nuestros trabajadores que han visto afectada su fuente laboral puedan encontrar un nuevo trabajo, sabemos que son tiempos dif\u00edciles y por eso hemos doblegado los esfuerzos y lo seguiremos haciendo\u201d<\/p>\n\n\n\n<p>La Feria Laboral comenz\u00f3 ayer mi\u00e9rcoles 26 de agosto y tiene fecha de clausura ma\u00f1ana viernes 28 de este mes.<\/p>\n\n\n\n<p>\u00bfc\u00f3mo postular? Debes inscribirte e ingresar tu cv en sence.cl o directamente en la p\u00e1gina www.ferialaborum.cl\/ciudad\/espacio\/edificios<\/p>\n","protected":false},"excerpt":{"rendered":"<p>Esta vez, la Feria Laboral contempla a las regiones de Arica, Tarapac\u00e1, Antofagasta y Atacama y se realizar\u00e1 hasta ma\u00f1ana viernes 28 de agosto. El&hellip; <\/p>\n","protected":false},"author":2,"featured_media":28535,"comment_status":"open","ping_status":"closed","sticky":false,"template":"","format":"standard","meta":{"footnotes":""},"categories":[7],"tags":[],"class_list":["post-28534","post","type-post","status-publish","format-standard","has-post-thumbnail","hentry","category-atacama"],"_links":{"self":[{"href":"https:\/\/www.radioamigavallenar.cl\/index.php?rest_route=\/wp\/v2\/posts\/28534","targetHints":{"allow":["GET"]}}],"collection":[{"href":"https:\/\/www.radioamigavallenar.cl\/index.php?rest_route=\/wp\/v2\/posts"}],"about":[{"href":"https:\/\/www.radioamigavallenar.cl\/index.php?rest_route=\/wp\/v2\/types\/post"}],"author":[{"embeddable":true,"href":"https:\/\/www.radioamigavallenar.cl\/index.php?rest_route=\/wp\/v2\/users\/2"}],"replies":[{"embeddable":true,"href":"https:\/\/www.radioamigavallenar.cl\/index.php?rest_route=%2Fwp%2Fv2%2Fcomments&post=28534"}],"version-history":[{"count":0,"href":"https:\/\/www.radioamigavallenar.cl\/index.php?rest_route=\/wp\/v2\/posts\/28534\/revisions"}],"wp:featuredmedia":[{"embeddable":true,"href":"https:\/\/www.radioamigavallenar.cl\/index.php?rest_route=\/wp\/v2\/media\/28535"}],"wp:attachment":[{"href":"https:\/\/www.radioamigavallenar.cl\/index.php?rest_route=%2Fwp%2Fv2%2Fmedia&parent=28534"}],"wp:term":[{"taxonomy":"category","embeddable":true,"href":"https:\/\/www.radioamigavallenar.cl\/index.php?rest_route=%2Fwp%2Fv2%2Fcategories&post=28534"},{"taxonomy":"post_tag","embeddable":true,"href":"https:\/\/www.radioamigavallenar.cl\/index.php?rest_route=%2Fwp%2Fv2%2Ftags&post=28534"}],"curies":[{"name":"wp","href":"https:\/\/api.w.org\/{rel}","templated":true}]}}