{"id":28531,"date":"2020-08-27T11:28:07","date_gmt":"2020-08-27T15:28:07","guid":{"rendered":"https:\/\/www.radioamigavallenar.cl\/?p=28531"},"modified":"2020-08-27T11:28:08","modified_gmt":"2020-08-27T15:28:08","slug":"gobierno-anuncia-nueva-prorroga-para-la-tne-ahora-es-valida-hasta-el-31-de-octubre","status":"publish","type":"post","link":"https:\/\/www.radioamigavallenar.cl\/?p=28531","title":{"rendered":"Gobierno anuncia nueva pr\u00f3rroga para la TNE: ahora es v\u00e1lida hasta el 31 de octubre"},"content":{"rendered":"\n<div class=\"wp-block-image\"><figure class=\"aligncenter size-large\"><img loading=\"lazy\" decoding=\"async\" width=\"750\" height=\"400\" src=\"https:\/\/www.radioamigavallenar.cl\/wp-content\/uploads\/2020\/08\/extne_tw.jpg\" alt=\"\" class=\"wp-image-28532\" srcset=\"https:\/\/www.radioamigavallenar.cl\/wp-content\/uploads\/2020\/08\/extne_tw.jpg 750w, https:\/\/www.radioamigavallenar.cl\/wp-content\/uploads\/2020\/08\/extne_tw-300x160.jpg 300w\" sizes=\"auto, (max-width: 750px) 100vw, 750px\" \/><\/figure><\/div>\n\n\n\n<p><strong>Dada la pandemia, y como medida de resguardo, el Ministerio de Transportes y Telecomunicaciones y la Junaeb informaron que la tarjeta que permite a los estudiantes pagar tarifa escolar en el transporte p\u00fablico seguir\u00e1 vigente hasta dicha fecha. Hasta ahora, s\u00f3lo el 6,2% de los j\u00f3venes ha realizado el tr\u00e1mite.<\/strong><\/p>\n\n\n\n<p>El&nbsp;Subsecretario de Transportes, Jos\u00e9 Luis Dom\u00ednguez, y el Director Nacional de la Junta Nacional de Auxilio Escolar y Becas (Junaeb), Jaime Toh\u00e1, anunciaron un nuevo plazo para que los estudiantes renueven su Tarjeta Nacional Estudiantil (TNE) y as\u00ed ampliar la vigencia de la credencial.<\/p>\n\n\n\n<p>El proceso de renovaci\u00f3n, que habitualmente vence el 31 de mayo, ya hab\u00eda sido extendido hasta el 31 de agosto, pero,&nbsp;dada la pandemia y considerando que a la fecha s\u00f3lo un 6,2% de los estudiantes ha realizado el tr\u00e1mite, se decidi\u00f3 entregar un nuevo plazo hasta el 31 de octubre del 2020.<\/p>\n\n\n\n<p>\u201cDebido al Covid-19, como Ministerio hemos adoptado distintas medidas para que las personas permanezcan en sus casas y eviten exponerse a riesgos cuando realizan sus tr\u00e1mites habituales. En esta l\u00ednea, junto al Mineduc y a Junaeb decidimos ampliar la vigencia de la TNE para que la renovaci\u00f3n de la credencial se realice s\u00f3lo en aquellas zonas que ya se encuentran en la fase 4 de desconfinamiento y, de tal forma, resguardar a los j\u00f3venes durante la obtenci\u00f3n o renovaci\u00f3n de su tarjeta. Lo importante es que, mientras la TNE siga vigente, los alumnos que necesiten salir y utilizar el transporte p\u00fablico, seguir\u00e1n pagando tarifa escolar\u201d, se\u00f1al\u00f3 el Subsecretario de Transportes, Jos\u00e9 Luis Dom\u00ednguez.<\/p>\n\n\n\n<p>En tanto, el&nbsp;Director Nacional de Junaeb, Jaime Toh\u00e1, precis\u00f3 que&nbsp;\u201ccon esta extensi\u00f3n queremos dar tranquilidad a los estudiantes para que sigan utilizando este beneficio. Cuando las comunas pasen a fase 4 del plan Paso a Paso, realizaremos operativos para el pegado de sellos en regiones, pero mientras, tendremos agendamiento de atenci\u00f3n en oficinas de las comunas que no est\u00e9n en cuarentena\u201d.<\/p>\n\n\n\n<p>En 2019, 1.020.045 estudiantes revalidaron su TNE de los cuales, 524.622 son de educaci\u00f3n superior y 495.423 de b\u00e1sica y media. Durante este a\u00f1o se espera alcanzar dicho universo pero, hasta la fecha, s\u00f3lo han realizado el tr\u00e1mite un 5% y 7,4% de los alumnos, respectivamente.<\/p>\n\n\n\n<p>La revalidaci\u00f3n deben realizarla todos los estudiantes que ya tienen su tarjeta y que no cursan un nuevo tramo estudiantil. Los j\u00f3venes deben ser inscritos por su instituci\u00f3n educacional en el sistema TNE de Junaeb, acreditando que mantienen su calidad de estudiantes. De esa forma, podr\u00e1n realizar el proceso, seg\u00fan el lugar de residencia.<\/p>\n\n\n\n<p class=\"has-text-align-center\"><strong>Canal digital para obtener la TNE&nbsp;<\/strong><\/p>\n\n\n\n<p>Los estudiantes que pasan a 5\u00ba b\u00e1sico, que ingresan a 1\u00ba medio y quienes entran por primera vez a la educaci\u00f3n superior, deben obtener su TNE. Al viernes 21 de agosto, 184.664 personas estaban inscritas para tener una nueva credencial.<\/p>\n\n\n\n<p>Para evitar aglomeraciones y retrasar el proceso, se desarroll\u00f3 un capturador fotogr\u00e1fico web, disponible en https:\/\/tomatelafoto.tne.cl, donde los estudiantes deber\u00e1n subir una imagen de su c\u00e9dula de identidad y tomarse la foto siguiendo las recomendaciones del sitio.<\/p>\n\n\n\n<p>En total, 123.119 ya realizaron este tr\u00e1mite, equivalente al 66,6% de los alumnos. No obstante, debido a que los establecimientos educacionales permanecen cerrados, s\u00f3lo se han entregado el 14,6% de las TNE.<\/p>\n\n\n\n<p>Otro de los procesos que los estudiantes pueden realizar es la reposici\u00f3n de la TNE por p\u00e9rdida o robo, y para evitar que asistan a las oficinas o Direcciones Regionales Junaeb, se encuentra disponible la oficinavirtual.tne.cl.<\/p>\n\n\n\n<p>Por su parte la Directora Regional Sra. Claudia Alvayai Rojas, se\u00f1al\u00f3 que los estudiantes que tengan dudas o consultas sobre la Tarjeta Nacional Estudiantil pueden realizarlo en nuestro mail&nbsp;<a href=\"mailto:atacama@junaeb.cl\">atacama@junaeb.cl<\/a>&nbsp;o a nuestros tel\u00e9fonos+56 522240535 -235465-242096-230742.<\/p>\n","protected":false},"excerpt":{"rendered":"<p>Dada la pandemia, y como medida de resguardo, el Ministerio de Transportes y Telecomunicaciones y la Junaeb informaron que la tarjeta que permite a los&hellip; <\/p>\n","protected":false},"author":2,"featured_media":28532,"comment_status":"open","ping_status":"closed","sticky":false,"template":"","format":"standard","meta":{"footnotes":""},"categories":[7,37],"tags":[],"class_list":["post-28531","post","type-post","status-publish","format-standard","has-post-thumbnail","hentry","category-atacama","category-nacional"],"_links":{"self":[{"href":"https:\/\/www.radioamigavallenar.cl\/index.php?rest_route=\/wp\/v2\/posts\/28531","targetHints":{"allow":["GET"]}}],"collection":[{"href":"https:\/\/www.radioamigavallenar.cl\/index.php?rest_route=\/wp\/v2\/posts"}],"about":[{"href":"https:\/\/www.radioamigavallenar.cl\/index.php?rest_route=\/wp\/v2\/types\/post"}],"author":[{"embeddable":true,"href":"https:\/\/www.radioamigavallenar.cl\/index.php?rest_route=\/wp\/v2\/users\/2"}],"replies":[{"embeddable":true,"href":"https:\/\/www.radioamigavallenar.cl\/index.php?rest_route=%2Fwp%2Fv2%2Fcomments&post=28531"}],"version-history":[{"count":0,"href":"https:\/\/www.radioamigavallenar.cl\/index.php?rest_route=\/wp\/v2\/posts\/28531\/revisions"}],"wp:featuredmedia":[{"embeddable":true,"href":"https:\/\/www.radioamigavallenar.cl\/index.php?rest_route=\/wp\/v2\/media\/28532"}],"wp:attachment":[{"href":"https:\/\/www.radioamigavallenar.cl\/index.php?rest_route=%2Fwp%2Fv2%2Fmedia&parent=28531"}],"wp:term":[{"taxonomy":"category","embeddable":true,"href":"https:\/\/www.radioamigavallenar.cl\/index.php?rest_route=%2Fwp%2Fv2%2Fcategories&post=28531"},{"taxonomy":"post_tag","embeddable":true,"href":"https:\/\/www.radioamigavallenar.cl\/index.php?rest_route=%2Fwp%2Fv2%2Ftags&post=28531"}],"curies":[{"name":"wp","href":"https:\/\/api.w.org\/{rel}","templated":true}]}}