{"id":28528,"date":"2020-08-27T11:26:04","date_gmt":"2020-08-27T15:26:04","guid":{"rendered":"https:\/\/www.radioamigavallenar.cl\/?p=28528"},"modified":"2020-08-27T11:26:05","modified_gmt":"2020-08-27T15:26:05","slug":"alcalde-de-huasco-e-impuesto-verde-solo-estamos-pidiendo-que-impuesto-verde-quede-en-zonas-afectadas","status":"publish","type":"post","link":"https:\/\/www.radioamigavallenar.cl\/?p=28528","title":{"rendered":"Alcalde de Huasco e impuesto verde \u201cS\u00f3lo estamos pidiendo que impuesto verde qued\u00e9 en zonas afectadas\u201d"},"content":{"rendered":"\n<div class=\"wp-block-image\"><figure class=\"aligncenter size-large\"><img loading=\"lazy\" decoding=\"async\" width=\"820\" height=\"620\" src=\"https:\/\/www.radioamigavallenar.cl\/wp-content\/uploads\/2020\/08\/loyola.jpg\" alt=\"\" class=\"wp-image-28529\" srcset=\"https:\/\/www.radioamigavallenar.cl\/wp-content\/uploads\/2020\/08\/loyola.jpg 820w, https:\/\/www.radioamigavallenar.cl\/wp-content\/uploads\/2020\/08\/loyola-300x227.jpg 300w, https:\/\/www.radioamigavallenar.cl\/wp-content\/uploads\/2020\/08\/loyola-768x581.jpg 768w\" sizes=\"auto, (max-width: 820px) 100vw, 820px\" \/><\/figure><\/div>\n\n\n\n<p><strong>Preocupado se encuentra el alcalde de Huasco, Rodrigo Loyola, al conocer la respuesta del&nbsp;Gobierno ante la iniciativa de efectuar modificaciones al impuesto verde a fin de que su recaudaci\u00f3n y distribuci\u00f3n tuviese impacto local y no que se quedara en manos del nivel central.<\/strong><\/p>\n\n\n\n<p>\u201cAun cuando no se espera mucho del Presidente, igual logra decepcionarnos\u201d, se\u00f1ala Loyola. Molesto el edil ante la falta de sensibilidad frente a las exigencias locales que reiteradamente le han efectuado al Ejecutivo, dijo que \u201cno est\u00e1bamos pidiendo gran cosa, \u00fanicamente que la recaudaci\u00f3n del impuesto verde o al menos buena parte de ella, quedar\u00e1 en las zonas afectadas que producen ese impuesto por generaci\u00f3n de Co2. La respuesta fue escueta, sin mayores an\u00e1lisis ni alternativas, \u00fanicamente que lo tendr\u00edan presente. Anunciaron una descarbonizaci\u00f3n, pero antes de que el retiro de las termoel\u00e9ctricas se concrete nos importa tener recursos para rehabilitar y avanzar en una transici\u00f3n justa\u201d, dijo.<\/p>\n\n\n\n<p>El alcalde del puerto, coment\u00f3 que \u201csinceramente esper\u00e1bamos algo m\u00e1s que un portazo, ni siquiera por nuestra administraci\u00f3n comunal que llega a su fin. Esta no es una petici\u00f3n con colores pol\u00edticos, es una propuesta transversal, al punto que hasta la empresa involucrada comprende como una reivindicaci\u00f3n de mucho mayor l\u00f3gica y justicia que el impuesto verde se quede en Huasco y no se lo lleve el Estado Central\u201d.<\/p>\n\n\n\n<p>Sobre este punto el alcalde manifest\u00f3 que seguir\u00e1 intentando mantener a flote la discusi\u00f3n por la v\u00eda parlamentaria, pues plantea que no necesariamente podr\u00eda esbozar desde las materias de iniciativa exclusiva del Presidente, pues el impuesto ya fue creado, y que por tanto lo que se debe modificar es el ente recaudador y el destino de los fondos, desde el Estado Fisco a los gobiernos comunales.<\/p>\n","protected":false},"excerpt":{"rendered":"<p>Preocupado se encuentra el alcalde de Huasco, Rodrigo Loyola, al conocer la respuesta del&nbsp;Gobierno ante la iniciativa de efectuar modificaciones al impuesto verde a fin&hellip; <\/p>\n","protected":false},"author":2,"featured_media":28529,"comment_status":"open","ping_status":"closed","sticky":false,"template":"","format":"standard","meta":{"footnotes":""},"categories":[4],"tags":[],"class_list":["post-28528","post","type-post","status-publish","format-standard","has-post-thumbnail","hentry","category-huasco"],"_links":{"self":[{"href":"https:\/\/www.radioamigavallenar.cl\/index.php?rest_route=\/wp\/v2\/posts\/28528","targetHints":{"allow":["GET"]}}],"collection":[{"href":"https:\/\/www.radioamigavallenar.cl\/index.php?rest_route=\/wp\/v2\/posts"}],"about":[{"href":"https:\/\/www.radioamigavallenar.cl\/index.php?rest_route=\/wp\/v2\/types\/post"}],"author":[{"embeddable":true,"href":"https:\/\/www.radioamigavallenar.cl\/index.php?rest_route=\/wp\/v2\/users\/2"}],"replies":[{"embeddable":true,"href":"https:\/\/www.radioamigavallenar.cl\/index.php?rest_route=%2Fwp%2Fv2%2Fcomments&post=28528"}],"version-history":[{"count":0,"href":"https:\/\/www.radioamigavallenar.cl\/index.php?rest_route=\/wp\/v2\/posts\/28528\/revisions"}],"wp:featuredmedia":[{"embeddable":true,"href":"https:\/\/www.radioamigavallenar.cl\/index.php?rest_route=\/wp\/v2\/media\/28529"}],"wp:attachment":[{"href":"https:\/\/www.radioamigavallenar.cl\/index.php?rest_route=%2Fwp%2Fv2%2Fmedia&parent=28528"}],"wp:term":[{"taxonomy":"category","embeddable":true,"href":"https:\/\/www.radioamigavallenar.cl\/index.php?rest_route=%2Fwp%2Fv2%2Fcategories&post=28528"},{"taxonomy":"post_tag","embeddable":true,"href":"https:\/\/www.radioamigavallenar.cl\/index.php?rest_route=%2Fwp%2Fv2%2Ftags&post=28528"}],"curies":[{"name":"wp","href":"https:\/\/api.w.org\/{rel}","templated":true}]}}