{"id":28525,"date":"2020-08-27T11:23:30","date_gmt":"2020-08-27T15:23:30","guid":{"rendered":"https:\/\/www.radioamigavallenar.cl\/?p=28525"},"modified":"2020-08-27T11:23:31","modified_gmt":"2020-08-27T15:23:31","slug":"ministro-prokurica-en-los-proximos-anos-el-valor-de-nuestras-exportaciones-de-litio-sera-similar-al-de-sectores-como-el-vitivinicola","status":"publish","type":"post","link":"https:\/\/www.radioamigavallenar.cl\/?p=28525","title":{"rendered":"Ministro Prokurica: \u201cEn los pr\u00f3ximos a\u00f1os el valor de nuestras exportaciones de litio ser\u00e1 similar al de sectores como el vitivin\u00edcola\u201d"},"content":{"rendered":"\n<div class=\"wp-block-image\"><figure class=\"aligncenter size-large\"><img loading=\"lazy\" decoding=\"async\" width=\"1024\" height=\"683\" src=\"https:\/\/www.radioamigavallenar.cl\/wp-content\/uploads\/2020\/08\/baldo-prokurica-1024x683.jpg\" alt=\"\" class=\"wp-image-28526\" srcset=\"https:\/\/www.radioamigavallenar.cl\/wp-content\/uploads\/2020\/08\/baldo-prokurica-1024x683.jpg 1024w, https:\/\/www.radioamigavallenar.cl\/wp-content\/uploads\/2020\/08\/baldo-prokurica-300x200.jpg 300w, https:\/\/www.radioamigavallenar.cl\/wp-content\/uploads\/2020\/08\/baldo-prokurica-768x512.jpg 768w, https:\/\/www.radioamigavallenar.cl\/wp-content\/uploads\/2020\/08\/baldo-prokurica.jpg 1050w\" sizes=\"auto, (max-width: 1024px) 100vw, 1024px\" \/><\/figure><\/div>\n\n\n\n<p><strong>El secretario de Estado particip\u00f3 en la presentaci\u00f3n del estudio elaborado por Cochilco sobre proyecciones de uso, demanda, oferta del litio para la pr\u00f3xima d\u00e9cada.<\/strong><\/p>\n\n\n\n<p>El ministro de Miner\u00eda, Baldo Prokurica, junto con el vicepresidente ejecutivo de Cochilco, Marco Riveros, encabezaron la inauguraci\u00f3n de la conferencia \u201cPerspectivas del mercado del litio al a\u00f1o 2030\u201d en la cual la Comisi\u00f3n Chilena del Cobre entreg\u00f3 los resultados de un estudio que analiza las expectativas de demanda, producci\u00f3n, inversiones y usos del litio al a\u00f1o 2030.<\/p>\n\n\n\n<p>\u201cDe acuerdo con estimaciones de Cochilco, se espera que en Chile la producci\u00f3n actual de litio aumente a m\u00e1s del doble para el 2025, alcanzando cerca de 250.000 toneladas de carbonato de litio equivalente (LCE). Estas cifras nos sugieren que en los pr\u00f3ximos a\u00f1os el valor de nuestras exportaciones de litio ser\u00e1 similar al de sectores econ\u00f3micos altamente consolidados como el vitivin\u00edcola, lo cual refleja la importancia de la explotaci\u00f3n de este recurso para el pa\u00eds. Este importante avance productivo nos mantendr\u00e1 como un actor relevante para enfrentar el fuerte crecimiento esperado de la demanda mundial de litio\u201d, se\u00f1al\u00f3 el ministro de Miner\u00eda.<\/p>\n\n\n\n<p>Agreg\u00f3 que \u201cnuestro pa\u00eds tiene una gran oportunidad para transformarse en el gran facilitador de los recursos minerales para tecnolog\u00edas del futuro, debido a nuestras amplias reservas de litio, cobre y cobalto, metales que tienen un rol fundamental en el desarrollo y expansi\u00f3n de estas\u201d.<\/p>\n\n\n\n<p>Por su parte, el vicepresidente ejecutivo de Cochilco, Marco Riveros, destac\u00f3 el aporte de la instituci\u00f3n con este informe, ya que da las herramientas t\u00e9cnicas para un debate serio e informado sobre la industria del litio. \u201cCon estos antecedentes, que ponemos a disposici\u00f3n del p\u00fablico, queremos invitar a un an\u00e1lisis con bases t\u00e9cnicas para entender el lugar que ocupa el sector del litio en nuestro pa\u00eds y desmitificar ideas que a veces se tienen respecto a este mineral que no son las correctas\u201d, se\u00f1al\u00f3 Riveros.<\/p>\n\n\n\n<p>En relaci\u00f3n al impacto del COVID-19 en la industria del litio, el analista de Cochilco, Andr\u00e9s Gonz\u00e1lez, se\u00f1al\u00f3 que \u201cla recesi\u00f3n mundial provocada por la pandemia ha implicado un crecimiento de la electro-movilidad menor al inicialmente proyectado para el presente a\u00f1o, situaci\u00f3n que ha afectado negativamente a la demanda de litio. Por el lado de la oferta, se han anunciado algunos retrasos en la entrada de nuevos proyectos junto a la certeza de una menor producci\u00f3n en algunas operaciones actuales. Esta producci\u00f3n menor a la anticipada ha contribuido a mitigar la ca\u00edda en los precios que hemos visto desde fines de 2017 hasta la actualidad\u201d.<\/p>\n\n\n\n<p>Agreg\u00f3 que se espera que a largo plazo no haya efectos significativos sobre la demanda de litio. Al mismo tiempo, tambi\u00e9n se anticipa el desarrollo de nuevos proyectos. Con todo, se proyecta que ya a partir de 2025 la demanda comience a crecer m\u00e1s r\u00e1pido que la oferta, lo que se traducir\u00eda en una presi\u00f3n al alza en los precios, lo que a su vez inducir\u00eda la entrada de nuevos proyectos y expansiones.<\/p>\n\n\n\n<p>En las presentaciones, que fueron realizadas por distintos profesionales de Cochilco, Cintia Roa, Christian Sanhueza y Andr\u00e9s Gonz\u00e1lez, se abarcaron temas de oferta, demanda y uso estrat\u00e9gicos del mercado del litio.<\/p>\n\n\n\n<p class=\"has-text-align-center\"><strong>Situaci\u00f3n en Chile<\/strong><\/p>\n\n\n\n<p>Actualmente, Australia y Chile son los dos mayores productores de litio en el mundo, con una participaci\u00f3n de 48% y 29%, respectivamente. Sin embargo, dada la mayor competencia de pa\u00edses como Estados Unidos, Canad\u00e1 y Zimbabue, la participaci\u00f3n de Australia se reducir\u00eda un 31%&nbsp; y la de Chile a un 17% hacia el 2030.<\/p>\n\n\n\n<p>Pese a esta ca\u00edda, el analista Andr\u00e9s Gonzalez se\u00f1ala que \u201cChile continuar\u00e1 siendo un actor relevante en la industria productora de litio. El hecho de que sea un productor consolidado y con una extensa historia en la industria le concede al pa\u00eds la experiencia necesaria para una apropiada planificaci\u00f3n de sus expansiones productivas\u201d.<\/p>\n\n\n\n<p>Respecto a los proyectos en Chile, Andr\u00e9s Gonz\u00e1lez se\u00f1al\u00f3 que, as\u00ed como ha sucedido en otras jurisdicciones, las expansiones y proyectos est\u00e1n sujetos a la contingencia econ\u00f3mica de alta incertidumbre\u201d a causa de la pandemia y la crisis econ\u00f3mica asociada.<\/p>\n\n\n\n<p>A\u00f1adi\u00f3 que en abril de este a\u00f1o, Albemarle anunci\u00f3 atrasos parciales en la expansi\u00f3n de su planta de carbonato, La Negra III y IV. Sin embargo, su desarrollo sigue en marcha. Para SQM por su parte, su proyecto de ampliaci\u00f3n Planta Carbonato 180.000 toneladas por a\u00f1o por US$ 450 millones tambi\u00e9n est\u00e1 en desarrollo.<\/p>\n\n\n\n<p>Finalmente, en relaci\u00f3n a posibles proyectos de operaciones nuevas, cabe destacar que Codelco y Minera Salar Blanco suscribieron en 2019 un acuerdo de entendimiento para evaluar una explotaci\u00f3n conjunta del Salar de Maricunga, acu\u00edfero del que actualmente no se produce litio pero que presenta un amplio potencial de explotaci\u00f3n.<\/p>\n","protected":false},"excerpt":{"rendered":"<p>El secretario de Estado particip\u00f3 en la presentaci\u00f3n del estudio elaborado por Cochilco sobre proyecciones de uso, demanda, oferta del litio para la pr\u00f3xima d\u00e9cada.&hellip; <\/p>\n","protected":false},"author":2,"featured_media":28526,"comment_status":"open","ping_status":"closed","sticky":false,"template":"","format":"standard","meta":{"footnotes":""},"categories":[34,37],"tags":[],"class_list":["post-28525","post","type-post","status-publish","format-standard","has-post-thumbnail","hentry","category-mineria","category-nacional"],"_links":{"self":[{"href":"https:\/\/www.radioamigavallenar.cl\/index.php?rest_route=\/wp\/v2\/posts\/28525","targetHints":{"allow":["GET"]}}],"collection":[{"href":"https:\/\/www.radioamigavallenar.cl\/index.php?rest_route=\/wp\/v2\/posts"}],"about":[{"href":"https:\/\/www.radioamigavallenar.cl\/index.php?rest_route=\/wp\/v2\/types\/post"}],"author":[{"embeddable":true,"href":"https:\/\/www.radioamigavallenar.cl\/index.php?rest_route=\/wp\/v2\/users\/2"}],"replies":[{"embeddable":true,"href":"https:\/\/www.radioamigavallenar.cl\/index.php?rest_route=%2Fwp%2Fv2%2Fcomments&post=28525"}],"version-history":[{"count":0,"href":"https:\/\/www.radioamigavallenar.cl\/index.php?rest_route=\/wp\/v2\/posts\/28525\/revisions"}],"wp:featuredmedia":[{"embeddable":true,"href":"https:\/\/www.radioamigavallenar.cl\/index.php?rest_route=\/wp\/v2\/media\/28526"}],"wp:attachment":[{"href":"https:\/\/www.radioamigavallenar.cl\/index.php?rest_route=%2Fwp%2Fv2%2Fmedia&parent=28525"}],"wp:term":[{"taxonomy":"category","embeddable":true,"href":"https:\/\/www.radioamigavallenar.cl\/index.php?rest_route=%2Fwp%2Fv2%2Fcategories&post=28525"},{"taxonomy":"post_tag","embeddable":true,"href":"https:\/\/www.radioamigavallenar.cl\/index.php?rest_route=%2Fwp%2Fv2%2Ftags&post=28525"}],"curies":[{"name":"wp","href":"https:\/\/api.w.org\/{rel}","templated":true}]}}