{"id":28522,"date":"2020-08-27T11:21:50","date_gmt":"2020-08-27T15:21:50","guid":{"rendered":"https:\/\/www.radioamigavallenar.cl\/?p=28522"},"modified":"2020-08-27T11:21:51","modified_gmt":"2020-08-27T15:21:51","slug":"atacamagica-realizo-taller-para-ninos-con-familiares-privados-de-libertad","status":"publish","type":"post","link":"https:\/\/www.radioamigavallenar.cl\/?p=28522","title":{"rendered":"Atacamagica realiz\u00f3 taller para ni\u00f1os con familiares privados de libertad"},"content":{"rendered":"\n<div class=\"wp-block-image\"><figure class=\"aligncenter size-large\"><img loading=\"lazy\" decoding=\"async\" width=\"1024\" height=\"683\" src=\"https:\/\/www.radioamigavallenar.cl\/wp-content\/uploads\/2020\/08\/IMAGEN-DE-ARCHIVO-LUIS-ALBORNOZ-1024x683.jpg\" alt=\"\" class=\"wp-image-28523\" srcset=\"https:\/\/www.radioamigavallenar.cl\/wp-content\/uploads\/2020\/08\/IMAGEN-DE-ARCHIVO-LUIS-ALBORNOZ-1024x683.jpg 1024w, https:\/\/www.radioamigavallenar.cl\/wp-content\/uploads\/2020\/08\/IMAGEN-DE-ARCHIVO-LUIS-ALBORNOZ-300x200.jpg 300w, https:\/\/www.radioamigavallenar.cl\/wp-content\/uploads\/2020\/08\/IMAGEN-DE-ARCHIVO-LUIS-ALBORNOZ-768x512.jpg 768w, https:\/\/www.radioamigavallenar.cl\/wp-content\/uploads\/2020\/08\/IMAGEN-DE-ARCHIVO-LUIS-ALBORNOZ-1536x1025.jpg 1536w, https:\/\/www.radioamigavallenar.cl\/wp-content\/uploads\/2020\/08\/IMAGEN-DE-ARCHIVO-LUIS-ALBORNOZ.jpg 1988w\" sizes=\"auto, (max-width: 1024px) 100vw, 1024px\" \/><\/figure><\/div>\n\n\n\n<p class=\"has-text-align-center\"><strong>ONG ENMARCHA y Fundaci\u00f3n Atacamagica<\/strong><\/p>\n\n\n\n<p>Sorpresas, m\u00fasica, conversaci\u00f3n y magia. Fueron los ingredientes que tuvo el encuentro online que organiz\u00f3 la ONG ENMARCHA, ejecutora del programa Abriendo Caminos de las regiones Metropolitana y O,Higgins, y que cont\u00f3 con el apoyo de Fundaci\u00f3n Atacamagica.<\/p>\n\n\n\n<p>Se trata de una iniciativa que se enmarc\u00f3 en las actividades celebradas en este Mes de la Ni\u00f1ez, la cual incluy\u00f3 un taller de magia para los m\u00e1s peque\u00f1os, a cargo del director de la fundaci\u00f3n, Luis Albornoz. La actividad estuvo enfocada para ni\u00f1as, ni\u00f1os y adolescentes que tienen familiares privados de libertad.<\/p>\n\n\n\n<p>ENMARCHA, es una ONG que trabaja hace m\u00e1s de 13 a\u00f1os en la promoci\u00f3n y protecci\u00f3n de derechos de menores y adolescentes. Hace 8 a\u00f1os que se especializa en el trabajo con ni\u00f1os y j\u00f3venes, entre 0 a 17 a\u00f1os, que tienen adultos significativos privados de libertad y que viven en especiales condiciones de vulnerabilidad.<\/p>\n\n\n\n<p>\u201cEstamos felices de que la ONG ENMARCHA nos haya invitado a participar de esta bonita iniciativa. A pesar de la cuarentena que actualmente tenemos en muchas comunas de nuestro pa\u00eds, los ni\u00f1os no deben quedarse sin festejar su momento. Por este motivo, quisimos darles la oportunidad de celebrar esta fecha como se merecen. Es cierto que este a\u00f1o es muy distinto debido a la pandemia, no hay fiestas, ni actividades al aire libre, pero nosotros intentamos que pasaran unos entretenidos momentos en familia aprendiendo magia sin salir de casa. Creemos que con esta actividad, como fundaci\u00f3n Atacamagica colaboramos a la promoci\u00f3n y a la protecci\u00f3n de derechos de ni\u00f1as y ni\u00f1os dando nuevo acceso a la cultura y el arte\u201d, se\u00f1al\u00f3 Albornoz.<\/p>\n\n\n\n<p>Por su parte, Francisca Hidalgo, directora de ENMARCHA, indic\u00f3 que \u201cla actividad que realizamos fue en el marco de la celebraci\u00f3n por el Mes del Ni\u00f1o y la organizamos junto a un grupo de j\u00f3venes entre 13 a 18 a\u00f1os. Ellos ten\u00edan muchas ganas de ser parte de esta iniciativa, ya que este a\u00f1o ha sido dif\u00edcil para ellos debido a la pandemia por coronavirus y nos propusieron celebrar esta fecha de manera entretenida y con el fin de acercarse a los otros ni\u00f1os con quienes trabajamos. Fueron ellos adem\u00e1s quienes nos propusieron invitar a Fundaci\u00f3n Atacamagica con el fin de que nos pudieran colaborar en este espacio y darle un sentido especial\u201d.<\/p>\n\n\n\n<p>La actividad fue seguida por un gran grupo de ni\u00f1os y j\u00f3venes desde el Facebook Live ENMARCHA, quienes pudieron disfrutar de un taller de magia, aprender algunos juegos relacionados con este arte y despejar todas sus dudas sobre el maravilloso mundo del ilusionismo.<\/p>\n","protected":false},"excerpt":{"rendered":"<p>ONG ENMARCHA y Fundaci\u00f3n Atacamagica Sorpresas, m\u00fasica, conversaci\u00f3n y magia. Fueron los ingredientes que tuvo el encuentro online que organiz\u00f3 la ONG ENMARCHA, ejecutora del&hellip; <\/p>\n","protected":false},"author":2,"featured_media":28523,"comment_status":"open","ping_status":"closed","sticky":false,"template":"","format":"standard","meta":{"footnotes":""},"categories":[7,37],"tags":[],"class_list":["post-28522","post","type-post","status-publish","format-standard","has-post-thumbnail","hentry","category-atacama","category-nacional"],"_links":{"self":[{"href":"https:\/\/www.radioamigavallenar.cl\/index.php?rest_route=\/wp\/v2\/posts\/28522","targetHints":{"allow":["GET"]}}],"collection":[{"href":"https:\/\/www.radioamigavallenar.cl\/index.php?rest_route=\/wp\/v2\/posts"}],"about":[{"href":"https:\/\/www.radioamigavallenar.cl\/index.php?rest_route=\/wp\/v2\/types\/post"}],"author":[{"embeddable":true,"href":"https:\/\/www.radioamigavallenar.cl\/index.php?rest_route=\/wp\/v2\/users\/2"}],"replies":[{"embeddable":true,"href":"https:\/\/www.radioamigavallenar.cl\/index.php?rest_route=%2Fwp%2Fv2%2Fcomments&post=28522"}],"version-history":[{"count":0,"href":"https:\/\/www.radioamigavallenar.cl\/index.php?rest_route=\/wp\/v2\/posts\/28522\/revisions"}],"wp:featuredmedia":[{"embeddable":true,"href":"https:\/\/www.radioamigavallenar.cl\/index.php?rest_route=\/wp\/v2\/media\/28523"}],"wp:attachment":[{"href":"https:\/\/www.radioamigavallenar.cl\/index.php?rest_route=%2Fwp%2Fv2%2Fmedia&parent=28522"}],"wp:term":[{"taxonomy":"category","embeddable":true,"href":"https:\/\/www.radioamigavallenar.cl\/index.php?rest_route=%2Fwp%2Fv2%2Fcategories&post=28522"},{"taxonomy":"post_tag","embeddable":true,"href":"https:\/\/www.radioamigavallenar.cl\/index.php?rest_route=%2Fwp%2Fv2%2Ftags&post=28522"}],"curies":[{"name":"wp","href":"https:\/\/api.w.org\/{rel}","templated":true}]}}