{"id":28518,"date":"2020-08-27T07:42:20","date_gmt":"2020-08-27T11:42:20","guid":{"rendered":"https:\/\/www.radioamigavallenar.cl\/?p=28518"},"modified":"2020-08-27T07:42:21","modified_gmt":"2020-08-27T11:42:21","slug":"fiscalia-formalizo-a-banda-dedicada-al-trafico-de-droga-que-se-movilizaba-en-un-taxi-interurbano","status":"publish","type":"post","link":"https:\/\/www.radioamigavallenar.cl\/?p=28518","title":{"rendered":"Fiscal\u00eda formaliz\u00f3 a banda dedicada al tr\u00e1fico de droga que se movilizaba en un taxi interurbano"},"content":{"rendered":"\n<div class=\"wp-block-image\"><figure class=\"aligncenter size-large\"><img loading=\"lazy\" decoding=\"async\" width=\"960\" height=\"710\" src=\"https:\/\/www.radioamigavallenar.cl\/wp-content\/uploads\/2020\/08\/FORMALIZACION-DIEGO-DE-ALMAGRO.jpeg\" alt=\"\" class=\"wp-image-28519\" srcset=\"https:\/\/www.radioamigavallenar.cl\/wp-content\/uploads\/2020\/08\/FORMALIZACION-DIEGO-DE-ALMAGRO.jpeg 960w, https:\/\/www.radioamigavallenar.cl\/wp-content\/uploads\/2020\/08\/FORMALIZACION-DIEGO-DE-ALMAGRO-300x222.jpeg 300w, https:\/\/www.radioamigavallenar.cl\/wp-content\/uploads\/2020\/08\/FORMALIZACION-DIEGO-DE-ALMAGRO-768x568.jpeg 768w\" sizes=\"auto, (max-width: 960px) 100vw, 960px\" \/><\/figure><\/div>\n\n\n\n<p><strong>Fiscal adjunto de Diego de Almagro, Pedro Pablo Orellana, indic\u00f3 que el l\u00edder de esta agrupaci\u00f3n criminal, apodado \u201cEl Padrino\u201d qued\u00f3 en prisi\u00f3n preventiva junto a otro imputado de nacionalidad extranjera.<\/strong><\/p>\n\n\n\n<p>La Fiscal\u00eda de Atacama revel\u00f3 la jornada de hoy los antecedentes de una investigaci\u00f3n desarrollada en contra de una agrupaci\u00f3n de personas que se dedicaban al tr\u00e1fico de droga en la comuna de Diego de Almagro. Trabajo investigativo llevado a cabo junto a la Brigada Antinarc\u00f3ticos de la PDI.<\/p>\n\n\n\n<p>Los antecedentes conocidos en la audiencia de formalizaci\u00f3n, argumentados por el fiscal jefe de esta comuna, Pedro Pablo Orellana, dan cuenta de informaci\u00f3n que &nbsp;establec\u00eda el transporte de droga desde Copiap\u00f3 a Diego de Almagro para su posterior venta en esta comuna, Cha\u00f1aral, El Salado y El Salvador.<\/p>\n\n\n\n<p>\u201cLa investigaci\u00f3n permiti\u00f3 establecer que los imputados tra\u00edan la droga desde Copiap\u00f3 en un taxi interurbano cuyo conductor ten\u00eda pleno conocimiento de la ilegalidad del transporte y la participaci\u00f3n de otras personas en el delito. Con este antecedente, la indagatoria llevada a cabo junto a personal de la Briant de la PDI llev\u00f3 a realizar un procedimiento en que se detuvo a tres imputados en los momentos en que circulaban por la localidad de Inca de Oro en el mencionado veh\u00edculo de transporte de pasajeros, uno de ellos de nacionalidad extranjera\u201d, dijo el fiscal.<\/p>\n\n\n\n<p>Orellana agreg\u00f3 que luego de esta diligencia, en que se incaut\u00f3 alrededor de medio kilo de pasta base de coca\u00edna y una menor cantidad de marihuana, el trabajo policial continu\u00f3 en la casa del l\u00edder de esta banda local y autor intelectual del delito, apodado \u201cEl Padrino\u201d, quien fue detenido en Diego de Almagro.<\/p>\n\n\n\n<p>Pedro Pablo Orellana inform\u00f3 que los cuatro imputados fueron formalizados este mi\u00e9rcoles por su participaci\u00f3n en el delito de tr\u00e1fico il\u00edcito de drogas, consiguiendo la Fiscal\u00eda que se decretara la prisi\u00f3n preventiva para el l\u00edder de esta banda dedicada a la venta de droga y del ciudadano extranjero, de quien adem\u00e1s se pudo demostrar que hab\u00eda adulterado el contenido de su permiso temporal para poder trasladarse a Copiap\u00f3 a buscar la droga. Mientras que los otros dos detenidos deber\u00e1n cumplir la medida cautelar de arresto domiciliario nocturno.<\/p>\n","protected":false},"excerpt":{"rendered":"<p>Fiscal adjunto de Diego de Almagro, Pedro Pablo Orellana, indic\u00f3 que el l\u00edder de esta agrupaci\u00f3n criminal, apodado \u201cEl Padrino\u201d qued\u00f3 en prisi\u00f3n preventiva junto&hellip; <\/p>\n","protected":false},"author":2,"featured_media":28519,"comment_status":"open","ping_status":"closed","sticky":false,"template":"","format":"standard","meta":{"footnotes":""},"categories":[7,6],"tags":[],"class_list":["post-28518","post","type-post","status-publish","format-standard","has-post-thumbnail","hentry","category-atacama","category-policial"],"_links":{"self":[{"href":"https:\/\/www.radioamigavallenar.cl\/index.php?rest_route=\/wp\/v2\/posts\/28518","targetHints":{"allow":["GET"]}}],"collection":[{"href":"https:\/\/www.radioamigavallenar.cl\/index.php?rest_route=\/wp\/v2\/posts"}],"about":[{"href":"https:\/\/www.radioamigavallenar.cl\/index.php?rest_route=\/wp\/v2\/types\/post"}],"author":[{"embeddable":true,"href":"https:\/\/www.radioamigavallenar.cl\/index.php?rest_route=\/wp\/v2\/users\/2"}],"replies":[{"embeddable":true,"href":"https:\/\/www.radioamigavallenar.cl\/index.php?rest_route=%2Fwp%2Fv2%2Fcomments&post=28518"}],"version-history":[{"count":0,"href":"https:\/\/www.radioamigavallenar.cl\/index.php?rest_route=\/wp\/v2\/posts\/28518\/revisions"}],"wp:featuredmedia":[{"embeddable":true,"href":"https:\/\/www.radioamigavallenar.cl\/index.php?rest_route=\/wp\/v2\/media\/28519"}],"wp:attachment":[{"href":"https:\/\/www.radioamigavallenar.cl\/index.php?rest_route=%2Fwp%2Fv2%2Fmedia&parent=28518"}],"wp:term":[{"taxonomy":"category","embeddable":true,"href":"https:\/\/www.radioamigavallenar.cl\/index.php?rest_route=%2Fwp%2Fv2%2Fcategories&post=28518"},{"taxonomy":"post_tag","embeddable":true,"href":"https:\/\/www.radioamigavallenar.cl\/index.php?rest_route=%2Fwp%2Fv2%2Ftags&post=28518"}],"curies":[{"name":"wp","href":"https:\/\/api.w.org\/{rel}","templated":true}]}}