{"id":28510,"date":"2020-08-27T07:27:20","date_gmt":"2020-08-27T11:27:20","guid":{"rendered":"https:\/\/www.radioamigavallenar.cl\/?p=28510"},"modified":"2020-08-27T07:27:26","modified_gmt":"2020-08-27T11:27:26","slug":"mineduc-realizo-encuentro-red-directoras-de-establecimientos-vtf-en-atacama","status":"publish","type":"post","link":"https:\/\/www.radioamigavallenar.cl\/?p=28510","title":{"rendered":"Mineduc realiz\u00f3 encuentro red directoras de establecimientos VTF en Atacama"},"content":{"rendered":"\n<div class=\"wp-block-image\"><figure class=\"aligncenter size-large\"><img loading=\"lazy\" decoding=\"async\" width=\"1024\" height=\"576\" src=\"https:\/\/www.radioamigavallenar.cl\/wp-content\/uploads\/2020\/08\/vtf-1024x576.png\" alt=\"\" class=\"wp-image-28511\" srcset=\"https:\/\/www.radioamigavallenar.cl\/wp-content\/uploads\/2020\/08\/vtf-1024x576.png 1024w, https:\/\/www.radioamigavallenar.cl\/wp-content\/uploads\/2020\/08\/vtf-300x169.png 300w, https:\/\/www.radioamigavallenar.cl\/wp-content\/uploads\/2020\/08\/vtf-768x432.png 768w, https:\/\/www.radioamigavallenar.cl\/wp-content\/uploads\/2020\/08\/vtf.png 1366w\" sizes=\"auto, (max-width: 1024px) 100vw, 1024px\" \/><\/figure><\/div>\n\n\n\n<p>29 directoras de Jardines Infantiles de Atacama participaron del Encuentro Regional de la Red de Directoras de Establecimientos de Educaci\u00f3n Parvularia V\u00eda Transferencia de Fondos (VTF), cuyo objetivo es fortalecer capacidades y pr\u00e1cticas de gesti\u00f3n que ayuden a favorecer el cumplimiento de la normativa educacional y procesos asociados al nivel, con el prop\u00f3sito de contribuir a la calidad educativa, en el marco del Sistema de Aseguramiento de la Calidad de la Educaci\u00f3n.<\/p>\n\n\n\n<p>La Seremi de Educaci\u00f3n, Silvia \u00c1lvarez Matthews, quien encabez\u00f3 la actividad, se\u00f1al\u00f3 que \u201cpese a las actuales condiciones de cierre de los establecimientos, hemos continuado el trabajo de la Red Regional, en el \u201cFortalecimiento y promoci\u00f3n de redes territoriales\u201d, y que tiene como prop\u00f3sito establecer como l\u00ednea prioritaria el apoyo a los jardines infantiles VTF en Atacama, promoviendo una asociatividad entre sus directoras\u201d.<\/p>\n\n\n\n<p>La autoridad precis\u00f3 que \u201cel trabajo coordinado por la Mesa de Educaci\u00f3n Parvularia, en forma conjunta con la Superintendencia de Educaci\u00f3n y el Ministerio de Educaci\u00f3n, y estos encuentros buscan fortalecer capacidades y pr\u00e1cticas de gesti\u00f3n que ayuden a favorecer el cumplimiento de la normativa educacional y procesos asociados al nivel, con el prop\u00f3sito de contribuir a la calidad educativa, en el marco del Sistema de Aseguramiento de la Calidad de la Educaci\u00f3n. &nbsp;De esta manera, la instancia busca generar un espacio de reflexi\u00f3n sobre temas vinculados a la nueva institucionalidad, obtenci\u00f3n de Reconocimiento Oficial del Estado, Proyecto Educativo Institucional y cumplimiento normativo del Reglamento Interno, propiciando di\u00e1logos para resolver posibles consultas al respecto\u201d.<\/p>\n","protected":false},"excerpt":{"rendered":"<p>29 directoras de Jardines Infantiles de Atacama participaron del Encuentro Regional de la Red de Directoras de Establecimientos de Educaci\u00f3n Parvularia V\u00eda Transferencia de Fondos&hellip; <\/p>\n","protected":false},"author":2,"featured_media":28511,"comment_status":"open","ping_status":"closed","sticky":false,"template":"","format":"standard","meta":{"footnotes":""},"categories":[7,1],"tags":[],"class_list":["post-28510","post","type-post","status-publish","format-standard","has-post-thumbnail","hentry","category-atacama","category-provincia-del-huasco-2"],"_links":{"self":[{"href":"https:\/\/www.radioamigavallenar.cl\/index.php?rest_route=\/wp\/v2\/posts\/28510","targetHints":{"allow":["GET"]}}],"collection":[{"href":"https:\/\/www.radioamigavallenar.cl\/index.php?rest_route=\/wp\/v2\/posts"}],"about":[{"href":"https:\/\/www.radioamigavallenar.cl\/index.php?rest_route=\/wp\/v2\/types\/post"}],"author":[{"embeddable":true,"href":"https:\/\/www.radioamigavallenar.cl\/index.php?rest_route=\/wp\/v2\/users\/2"}],"replies":[{"embeddable":true,"href":"https:\/\/www.radioamigavallenar.cl\/index.php?rest_route=%2Fwp%2Fv2%2Fcomments&post=28510"}],"version-history":[{"count":0,"href":"https:\/\/www.radioamigavallenar.cl\/index.php?rest_route=\/wp\/v2\/posts\/28510\/revisions"}],"wp:featuredmedia":[{"embeddable":true,"href":"https:\/\/www.radioamigavallenar.cl\/index.php?rest_route=\/wp\/v2\/media\/28511"}],"wp:attachment":[{"href":"https:\/\/www.radioamigavallenar.cl\/index.php?rest_route=%2Fwp%2Fv2%2Fmedia&parent=28510"}],"wp:term":[{"taxonomy":"category","embeddable":true,"href":"https:\/\/www.radioamigavallenar.cl\/index.php?rest_route=%2Fwp%2Fv2%2Fcategories&post=28510"},{"taxonomy":"post_tag","embeddable":true,"href":"https:\/\/www.radioamigavallenar.cl\/index.php?rest_route=%2Fwp%2Fv2%2Ftags&post=28510"}],"curies":[{"name":"wp","href":"https:\/\/api.w.org\/{rel}","templated":true}]}}