{"id":28507,"date":"2020-08-27T07:23:39","date_gmt":"2020-08-27T11:23:39","guid":{"rendered":"https:\/\/www.radioamigavallenar.cl\/?p=28507"},"modified":"2020-08-27T07:23:45","modified_gmt":"2020-08-27T11:23:45","slug":"economia-presenta-nuevo-programa-de-apoyo-directo-para-beneficiar-a-pymes-turisticas-en-alianza-con-bancoestado","status":"publish","type":"post","link":"https:\/\/www.radioamigavallenar.cl\/?p=28507","title":{"rendered":"Econom\u00eda presenta nuevo programa de apoyo directo para beneficiar a pymes tur\u00edsticas en alianza con BancoEstado"},"content":{"rendered":"\n<div class=\"wp-block-image\"><figure class=\"aligncenter size-large\"><img loading=\"lazy\" decoding=\"async\" width=\"1024\" height=\"683\" src=\"https:\/\/www.radioamigavallenar.cl\/wp-content\/uploads\/2020\/08\/26082020-entre-cerros-825-1024x683-1.jpg\" alt=\"\" class=\"wp-image-28508\" srcset=\"https:\/\/www.radioamigavallenar.cl\/wp-content\/uploads\/2020\/08\/26082020-entre-cerros-825-1024x683-1.jpg 1024w, https:\/\/www.radioamigavallenar.cl\/wp-content\/uploads\/2020\/08\/26082020-entre-cerros-825-1024x683-1-300x200.jpg 300w, https:\/\/www.radioamigavallenar.cl\/wp-content\/uploads\/2020\/08\/26082020-entre-cerros-825-1024x683-1-768x512.jpg 768w\" sizes=\"auto, (max-width: 1024px) 100vw, 1024px\" \/><\/figure><\/div>\n\n\n\n<ul class=\"wp-block-list\"><li><strong>El plan considera subsidios entregados por Sercotec por hasta $3 millones y, por medio de la entidad bancaria estatal, el acceso de forma expedita a financiamiento a trav\u00e9s de los Cr\u00e9ditos Fogape Covid-19.<\/strong><\/li><li><strong>Adem\u00e1s, el Gobierno Regional anunci\u00f3 la entrega de otros $7 mil millones adicionales para beneficiar a cinco mil pymes en la regi\u00f3n.<\/strong><\/li><\/ul>\n\n\n\n<p>El ministro de Econom\u00eda, Fomento y Turismo, Lucas Palacios, junto al intendente de la regi\u00f3n de Valpara\u00edso, Jorge Mart\u00ednez, y el presidente de BancoEstado, Sebasti\u00e1n Sichel, presentaron un nuevo plan de ayuda especialmente dise\u00f1ado para ir en apoyo de las peque\u00f1as y medianas empresas del sector tur\u00edstico afectadas por la crisis sanitaria. Las autoridades realizaron el lanzamiento de la iniciativa en el caf\u00e9 \u2018Entre Cerros\u2019 en la ciudad puerto, en compa\u00f1\u00eda tambi\u00e9n de los directores nacionales de Sercotec y Sernatur, Bruno Trisotti y Andrea Wolleter, respectivamente.<\/p>\n\n\n\n<p>El programa \u2018React\u00edvate Turismo Fogape con BancoEstado\u2019 contempla subsidios de hasta $3 millones por parte de Sercotec para que pymes puedan financiar materiales para implementar protocolos y medidas de resguardo sanitario para hacer frente al coronavirus, adem\u00e1s de obras menores, materiales, mercader\u00edas, pago de arriendos, sueldos y servicios b\u00e1sicos. As\u00ed mismo, el otorgamiento del subsidio permitir\u00e1 a los beneficiarios acceder una solicitud \u00e1gil y expedita del cr\u00e9dito Fogape Covid-19 en la entidad bancaria estatal con el objetivo de potenciar la recuperaci\u00f3n de los emprendedores del rubro. Esto, tras una alianza estrat\u00e9gica entre el ministerio de Econom\u00eda y BancoEstado.<\/p>\n\n\n\n<p>\u201cExisten 177 mil empresas ligadas al turismo en nuestro pa\u00eds, 600 mil puestos de trabajos, diseminados en cada pueblo, en cada villa, en cada poblaci\u00f3n de Chile. Son empresas peque\u00f1as, casi todas. Con nuestro primer llamado para el programa Reactivate Turismo, 5 mil empresas se vieron beneficiadas, sin embargo, como queremos seguir apoyando al sector para llegar a m\u00e1s familias del pa\u00eds, vamos a hacer un segundo llamado de Reactivate Turismo, la pr\u00f3xima semana. Invito a todas las personas que est\u00e1n en esta situaci\u00f3n de dificultad que postulen al Reactivate Turismo\u201d, dijo el ministro Lucas Palacios.<\/p>\n\n\n\n<p>Junto a ello, el secretario de Estado destac\u00f3 que \u201ccon el presidente del BancoEstado tenemos un objetivo com\u00fan que es poder ayudar con todas las herramientas que tenemos a las pymes de Chile, para que se pongan de pie, para que puedan superar esta etapa. Hoy estamos generando una alianza estrat\u00e9gica que consiste en que cada vez que Sercotec d\u00e9 un subsidio a trav\u00e9s del Reactivate multisectorial, Reactivate Turismo o cualquier programas de subsidio, entonces la persona beneficiada va a tener la posibilidad de apalancar adicionalmente un cr\u00e9dito Covid Fogape por al menos el mismo monto del subsidio, es decir en un 2\u00d71\u201d.<\/p>\n\n\n\n<p>En tanto, el intendente Jorge Mart\u00ednez afirm\u00f3: \u201c\u00bfQu\u00e9 tienen en com\u00fan las 38 comunas de la Regi\u00f3n de Valpara\u00edso? Todas viven en gran medida del turismo, por eso necesitamos lo que est\u00e1 haciendo el Gobierno Central y lo que ha dicho el ministro de Econom\u00eda, subsidios, apoyo para subsistir en este per\u00edodo duro y la noticia que nos da el presidente del BancoEstado, la prioridad por el turismo, el apoyo y la coordinaci\u00f3n de las pol\u00edticas nacionales, Sercotec, Corfo. Adem\u00e1s como Gobierno Regional y gracias al apoyo tambi\u00e9n del ministro de Econom\u00eda, hemos acordado $7 mil millones para beneficiar a cinco mil pymes en la regi\u00f3n. Los emprendedores regionales postulen, nosotros esperamos que siga bajando la pandemia que logremos bajar los \u00edndices de la regi\u00f3n de Valpara\u00edso en paralelo a la Metropolitana, y se empiece a desconfinar, porque as\u00ed los habitantes del \u00e1rea Metropolitana van a necesitar salir porque llevan meses encerrados y queremos que vengan a nuestra regi\u00f3n. Para eso la regi\u00f3n tiene que tener sus empresas vivas y estos beneficios son una gran noticia para este objetivo\u00bb.<\/p>\n\n\n\n<p>Por su parte, el presidente de BancoEstado, Sebasti\u00e1n Sichel, subray\u00f3 que la entidad estatal es \u201cun banco que tiene 700 mil pymes y microempresas, particularmente de clientes, y lo que ha hecho siempre es creer en los que otros no creen. Y qu\u00e9 hemos hecho y ha sido el encargo que nos hizo el presidente de la&nbsp; Rep\u00fablica, que nos hizo el ministro, b\u00e1sicamente poner a disposici\u00f3n de aquellos emprendimientos, como \u00e9ste, liquidez. En buen chileno, \u00bfqu\u00e9 significa esto? Las lucas necesarias para pagar las cuestas a fin de mes, mientras somos capaces de superar esta crisis sanitaria y que vuelva la demanda o la gente que consuma en estos lugares y, por lo tanto, tener la capacidad de pagar las cuentas mes a mes&nbsp; hasta que tengamos la posibilidad\u201d.<\/p>\n\n\n\n<p>Eva Pizarro, quien junto a su madre y hermana, abrieron las puertas del caf\u00e9 \u2018Entre Cerros\u2019 en 2016, destac\u00f3 el aporte de la iniciativa para la recuperaci\u00f3n de las pymes: \u201cSin esto quiz\u00e1s, probablemente, no podr\u00edamos seguir. Entonces quiero agradecer en forma muy especial ya sea al Ministerio de Econom\u00eda, a Sercotec y a todos los que est\u00e1n involucrados en esto, porque en realidad, para nosotros y para el rubro del turismo, es de suma importancia en este minuto, por todo lo que se est\u00e1 viviendo\u201d, dijo.<\/p>\n\n\n\n<p>Las postulaciones para este nuevo programa se realizar\u00e1n entre el 31 de agosto y el 3 de septiembre a trav\u00e9s de la p\u00e1gina&nbsp;<a href=\"http:\/\/www.sercotec.cl\/\">www.sercotec.cl<\/a>. Los fondos a repartir constan de dos tramos: las empresas que entre marzo de 2019 y febrero de 2020 hayan vendido entre 200 y 600 UF podr\u00e1n recibir un subsidio de hasta $1,5 millones, mientras que las que hayan vendido entre 600 y 25 mil UF podr\u00e1n acceder hasta a $3 millones.<\/p>\n\n\n\n<p>Esta iniciativa permitir\u00e1 distribuir $4.432 millones a nivel nacional para llegar con ayuda directa a cerca de 1.500 nuevas micro, peque\u00f1as y medianas empresas en el pa\u00eds. De esta forma, sumando la convocatoria anterior del programa \u2018React\u00edvate Turismo\u2019, el n\u00famero de beneficiarios ascender\u00eda hasta las 6.500 empresas por un total de $20 mil millones.<\/p>\n\n\n\n<p>Para solicitar el beneficio, las pymes deber\u00e1n pertenecer al sector tur\u00edstico con iniciaci\u00f3n de actividades hasta el 28 de febrero de 2019, presentar una disminuci\u00f3n de ventas de -al menos- un 30% en el periodo marzo-abril-mayo de 2020 respecto al a\u00f1o anterior, cumplir con los requisitos del Reglamento Fogape Covid-19 y no haber sido beneficiado de otros programas de apoyo de Sercotec.<\/p>\n","protected":false},"excerpt":{"rendered":"<p>El plan considera subsidios entregados por Sercotec por hasta $3 millones y, por medio de la entidad bancaria estatal, el acceso de forma expedita a&hellip; <\/p>\n","protected":false},"author":2,"featured_media":28508,"comment_status":"open","ping_status":"closed","sticky":false,"template":"","format":"standard","meta":{"footnotes":""},"categories":[37],"tags":[],"class_list":["post-28507","post","type-post","status-publish","format-standard","has-post-thumbnail","hentry","category-nacional"],"_links":{"self":[{"href":"https:\/\/www.radioamigavallenar.cl\/index.php?rest_route=\/wp\/v2\/posts\/28507","targetHints":{"allow":["GET"]}}],"collection":[{"href":"https:\/\/www.radioamigavallenar.cl\/index.php?rest_route=\/wp\/v2\/posts"}],"about":[{"href":"https:\/\/www.radioamigavallenar.cl\/index.php?rest_route=\/wp\/v2\/types\/post"}],"author":[{"embeddable":true,"href":"https:\/\/www.radioamigavallenar.cl\/index.php?rest_route=\/wp\/v2\/users\/2"}],"replies":[{"embeddable":true,"href":"https:\/\/www.radioamigavallenar.cl\/index.php?rest_route=%2Fwp%2Fv2%2Fcomments&post=28507"}],"version-history":[{"count":0,"href":"https:\/\/www.radioamigavallenar.cl\/index.php?rest_route=\/wp\/v2\/posts\/28507\/revisions"}],"wp:featuredmedia":[{"embeddable":true,"href":"https:\/\/www.radioamigavallenar.cl\/index.php?rest_route=\/wp\/v2\/media\/28508"}],"wp:attachment":[{"href":"https:\/\/www.radioamigavallenar.cl\/index.php?rest_route=%2Fwp%2Fv2%2Fmedia&parent=28507"}],"wp:term":[{"taxonomy":"category","embeddable":true,"href":"https:\/\/www.radioamigavallenar.cl\/index.php?rest_route=%2Fwp%2Fv2%2Fcategories&post=28507"},{"taxonomy":"post_tag","embeddable":true,"href":"https:\/\/www.radioamigavallenar.cl\/index.php?rest_route=%2Fwp%2Fv2%2Ftags&post=28507"}],"curies":[{"name":"wp","href":"https:\/\/api.w.org\/{rel}","templated":true}]}}