{"id":28504,"date":"2020-08-27T07:20:01","date_gmt":"2020-08-27T11:20:01","guid":{"rendered":"https:\/\/www.radioamigavallenar.cl\/?p=28504"},"modified":"2020-08-27T07:20:07","modified_gmt":"2020-08-27T11:20:07","slug":"presidente-pinera-promulga-ley-nacional-del-cancer-viene-a-saldar-una-deuda","status":"publish","type":"post","link":"https:\/\/www.radioamigavallenar.cl\/?p=28504","title":{"rendered":"Presidente Pi\u00f1era promulga Ley Nacional del C\u00e1ncer: \u00abViene a saldar una deuda\u00bb"},"content":{"rendered":"\n<div class=\"wp-block-image\"><figure class=\"aligncenter size-large\"><img loading=\"lazy\" decoding=\"async\" width=\"620\" height=\"350\" src=\"https:\/\/www.radioamigavallenar.cl\/wp-content\/uploads\/2020\/08\/Aton_442545.jpg\" alt=\"\" class=\"wp-image-28505\" srcset=\"https:\/\/www.radioamigavallenar.cl\/wp-content\/uploads\/2020\/08\/Aton_442545.jpg 620w, https:\/\/www.radioamigavallenar.cl\/wp-content\/uploads\/2020\/08\/Aton_442545-300x169.jpg 300w\" sizes=\"auto, (max-width: 620px) 100vw, 620px\" \/><\/figure><\/div>\n\n\n\n<p>El Mandatario valor\u00f3 la instancia, remarcando que \u00abno es un proyecto de derecha o de izquierda, sino humano\u00bb. La iniciativa busca favorecer a todas las personas diagnosticadas con esta enfermedad al asegurar tratamiento y protecci\u00f3n laboral, entre otras medidas relevantes.<\/p>\n\n\n\n<p>El\u00a0Presidente de la Rep\u00fablica, Sebasti\u00e1n Pi\u00f1era, promulg\u00f3 ayer mi\u00e9rcoles la Ley Nacional del C\u00e1ncer,<strong>\u00a0<\/strong>que establece un marco normativo para la planificaci\u00f3n, desarrollo y ejecuci\u00f3n de pol\u00edticas p\u00fablicas, destinadas a prevenir el aumento de la incidencia de la enfermedad, e implementar sus tratamientos conforme a lo establecido en el Plan Nacional del C\u00e1ncer.<\/p>\n\n\n\n<p>Seg\u00fan indic\u00f3 el Mandatario, la legislaci\u00f3n<strong>&nbsp;\u00abser\u00e1 una ayuda y acompa\u00f1amiento para los tantos chilenos que sufren el dolor de esta enfermedad\u00bb.<\/strong><\/p>\n\n\n\n<p>Asimismo, el jefe de Estado destac\u00f3 que la instancia&nbsp;<strong>\u00abviene a saldar una deuda\u00bb, la cual \u00abno es un proyecto de derecha o de izquierda, sino humano\u00bb.<\/strong><\/p>\n\n\n\n<p>Respecto a la enfermedad en s\u00ed, Pi\u00f1era enfatiz\u00f3 que \u00abes la segunda causa de muerte en nuestro pa\u00eds (\u2026) La salud es un derecho de las personas y en consecuencia es una responsabilidad del Estado\u00bb.<\/p>\n\n\n\n<p>Finalmente, envi\u00f3 condolencias a la familia de la exministra de Educaci\u00f3n, M\u00f3nica Jim\u00e9nez , quien falleci\u00f3 este martes por la enfermedad.<\/p>\n\n\n\n<p>La ley aprobada en el Congreso\u00a0aborda la enfermedad desde la prevenci\u00f3n, la detecci\u00f3n precoz y la atenci\u00f3n oportuna<strong>\u00a0<\/strong>y est\u00e1 destinada a enfrentar la situaci\u00f3n de 45 mil personas que anualmente son diagnosticadas con alg\u00fan tipo de c\u00e1ncer en Chile, patolog\u00edas que representan la segunda causa de muerte a nivel nacional, y la primera en algunas regiones del pa\u00eds.<\/p>\n\n\n\n<p>La iniciativa busca favorecer a todas las personas diagnosticadas con esta enfermedad al asegurar tratamiento y protecci\u00f3n laboral, entre otras medidas relevantes.<\/p>\n\n\n\n<p>En la ley adem\u00e1s se establece la creaci\u00f3n de un fondo de financiamiento.<\/p>\n\n\n\n<h4 class=\"has-text-align-center wp-block-heading\"><strong>Los siete ejes de Ley Nacional del C\u00e1ncer:<\/strong><\/h4>\n\n\n\n<ol class=\"wp-block-list\"><li><strong>Creaci\u00f3n del Fondo Nacional del C\u00e1ncer:\u00a0<\/strong>Estar\u00e1 destinado a financiar total o parcialmente los programas y proyectos relacionados con la investigaci\u00f3n y estudio para la implementaci\u00f3n del Programa Nacional del C\u00e1ncer. El fondo se compone de aportes provenientes de la Ley de Presupuestos; cooperaci\u00f3n internacional; donaciones, herencias o legados y recursos del Fondo de Desarrollo Regional, y pueden ser adjudicados mediante concurso p\u00fablico convocado por la Subsecretar\u00eda de Salud P\u00fablica de forma semestral.<\/li><li><strong>Formaci\u00f3n de especialistas para el tratamiento del c\u00e1ncer,<\/strong>\u00a0tanto m\u00e9dicos y otros profesionales de la salud como investigadores, lo cual estar\u00e1 coordinadocon el Ministerio de Educaci\u00f3n y el de Ciencia, Tecnolog\u00eda, Conocimiento eInnovaci\u00f3n.<\/li><li><strong>Creaci\u00f3n de la Red Oncol\u00f3gica Nacional,\u00a0<\/strong>que constar\u00e1 de centros especializados que ser\u00e1n parte de la Red Asistencial de Salud, con el prop\u00f3sito de entregar diagn\u00f3sticos, tratamientos y seguimiento de los pacientes. Estos centros ser\u00e1n clasificados como centros de Alta, Mediana y Baja complejidad.<\/li><li><strong>Creaci\u00f3n del Registro Nacional del C\u00e1ncer:<\/strong>\u00a0A cargo de la Subsecretar\u00eda de Salud P\u00fablica, contendr\u00e1 la informaci\u00f3n de pacientes que padecen esta enfermedad con el prop\u00f3sito de contar con estad\u00edsticas actualizadas para el desarrollo de pol\u00edticas p\u00fablicas.<\/li><li><strong>Creaci\u00f3n de Comisi\u00f3n Nacional del C\u00e1ncer:\u00a0<\/strong>Tendr\u00e1 un rol asesor del Minsal, colaborando en la formulaci\u00f3n de pol\u00edticas, investigaci\u00f3n cient\u00edfica, implementaci\u00f3n de estrategias y pr\u00e1cticas de prevenci\u00f3n, diagn\u00f3stico,tratamiento, rehabilitaci\u00f3n y cuidados paliativos en lo relativo al c\u00e1ncer.<\/li><li><strong>Tutela laboral:\u00a0<\/strong>Se incorporaron normas para proteger a los trabajadores que padezcan c\u00e1ncer, considerando que ninguna contrataci\u00f3n, permanencia o renovaci\u00f3n de contrato podr\u00e1 condicionarse a la enfermedad. Asimismo, cualquier despido de un trabajador declarado como discriminatorio ser\u00e1 considerado grave por basarse en el padecimiento del c\u00e1ncer.<\/li><li><strong>C\u00e1ncer como pol\u00edtica de Estado:\u00a0<\/strong>Se incorpora como una pol\u00edtica de Estado permanente el Plan Nacional de C\u00e1ncer. El cual ser\u00e1 una carta de navegaci\u00f3n para enfrentar la enfermedad que ser\u00e1 la causa de muerte en Chile en los \u00faltimos a\u00f1os<\/li><\/ol>\n","protected":false},"excerpt":{"rendered":"<p>El Mandatario valor\u00f3 la instancia, remarcando que \u00abno es un proyecto de derecha o de izquierda, sino humano\u00bb. La iniciativa busca favorecer a todas las&hellip; <\/p>\n","protected":false},"author":2,"featured_media":28505,"comment_status":"open","ping_status":"closed","sticky":false,"template":"","format":"standard","meta":{"footnotes":""},"categories":[37],"tags":[],"class_list":["post-28504","post","type-post","status-publish","format-standard","has-post-thumbnail","hentry","category-nacional"],"_links":{"self":[{"href":"https:\/\/www.radioamigavallenar.cl\/index.php?rest_route=\/wp\/v2\/posts\/28504","targetHints":{"allow":["GET"]}}],"collection":[{"href":"https:\/\/www.radioamigavallenar.cl\/index.php?rest_route=\/wp\/v2\/posts"}],"about":[{"href":"https:\/\/www.radioamigavallenar.cl\/index.php?rest_route=\/wp\/v2\/types\/post"}],"author":[{"embeddable":true,"href":"https:\/\/www.radioamigavallenar.cl\/index.php?rest_route=\/wp\/v2\/users\/2"}],"replies":[{"embeddable":true,"href":"https:\/\/www.radioamigavallenar.cl\/index.php?rest_route=%2Fwp%2Fv2%2Fcomments&post=28504"}],"version-history":[{"count":0,"href":"https:\/\/www.radioamigavallenar.cl\/index.php?rest_route=\/wp\/v2\/posts\/28504\/revisions"}],"wp:featuredmedia":[{"embeddable":true,"href":"https:\/\/www.radioamigavallenar.cl\/index.php?rest_route=\/wp\/v2\/media\/28505"}],"wp:attachment":[{"href":"https:\/\/www.radioamigavallenar.cl\/index.php?rest_route=%2Fwp%2Fv2%2Fmedia&parent=28504"}],"wp:term":[{"taxonomy":"category","embeddable":true,"href":"https:\/\/www.radioamigavallenar.cl\/index.php?rest_route=%2Fwp%2Fv2%2Fcategories&post=28504"},{"taxonomy":"post_tag","embeddable":true,"href":"https:\/\/www.radioamigavallenar.cl\/index.php?rest_route=%2Fwp%2Fv2%2Ftags&post=28504"}],"curies":[{"name":"wp","href":"https:\/\/api.w.org\/{rel}","templated":true}]}}