{"id":28501,"date":"2020-08-27T07:16:51","date_gmt":"2020-08-27T11:16:51","guid":{"rendered":"https:\/\/www.radioamigavallenar.cl\/?p=28501"},"modified":"2020-08-27T07:16:57","modified_gmt":"2020-08-27T11:16:57","slug":"oficialmente-fue-declarado-santuario-de-la-naturaleza-el-humedal-costero-de-carrizal-bajo","status":"publish","type":"post","link":"https:\/\/www.radioamigavallenar.cl\/?p=28501","title":{"rendered":"Oficialmente fue declarado Santuario de la Naturaleza el Humedal costero de Carrizal Bajo"},"content":{"rendered":"\n<div class=\"wp-block-image\"><figure class=\"aligncenter size-large\"><img loading=\"lazy\" decoding=\"async\" width=\"689\" height=\"457\" src=\"https:\/\/www.radioamigavallenar.cl\/wp-content\/uploads\/2020\/08\/kk-1.png\" alt=\"\" class=\"wp-image-28502\" srcset=\"https:\/\/www.radioamigavallenar.cl\/wp-content\/uploads\/2020\/08\/kk-1.png 689w, https:\/\/www.radioamigavallenar.cl\/wp-content\/uploads\/2020\/08\/kk-1-300x199.png 300w\" sizes=\"auto, (max-width: 689px) 100vw, 689px\" \/><\/figure><\/div>\n\n\n\n<p>Publicaci\u00f3n en el Diario Oficial se sustenta en la decisi\u00f3n tomada el a\u00f1o pasado por el Consejo de Ministros para la Sustentabilidad y que permitir\u00e1 proteger uno de los escasos humedales costeros del norte de Chile.<\/p>\n\n\n\n<p>El Ministerio del Medio Ambiente, encabezado por el Ministra Carolina Schmidt, oficializ\u00f3 la creaci\u00f3n del Santuario de la Naturaleza Humedal Carrizal Bajo, en la Regi\u00f3n de Atacama, reconocido como un hotspot de importancia a nivel mundial por su biodiversidad. La medida es parte del Plan Regional de Atacama, el Programa para la Recuperaci\u00f3n Ambiental y Social de Huasco (PRAS), Plan Regional de Gobierno 2018 \u2013 2022 y el Plan Nacional de Protecci\u00f3n de Humedales 2018-2022.<\/p>\n\n\n\n<p>\u201cEl \u00e1rea asociada al humedal y sus alrededores, alberga un importante n\u00famero de especies de flora, adem\u00e1s de proporcionar alimento, refugio y descanso para la rica fauna que habita en el lugar. Incluso en los sectores de quebradas interiores, se han registrado zonas representativas del desierto florido constituyendo un ecosistema \u00fanico de alta productividad y endemismo en el desierto m\u00e1s \u00e1rido del mundo\u201d afirm\u00f3 la Ministra de Medio Ambiente Carolina Schmidt.<\/p>\n\n\n\n<p>La Laguna Carrizal Bajo es un foco importante de concentraci\u00f3n de biodiversidad, en lo que respecta a todos sus componentes, encontr\u00e1ndose 49 especies de flora, 76 de aves, 10 de reptiles, 2 de anfibios y 12 de mam\u00edferos.<\/p>\n\n\n\n<p>A su vez la flora presente en el \u00e1rea es de vital importancia para el mantenimiento de este ecosistema. Las diversas asociaciones vegetales insertas en el \u00e1rea proporcionan una gran diversidad de alimento, refugio y descanso para la fauna y las aves del lugar.<\/p>\n\n\n\n<p>Por su parte, el Seremi del Medio Ambiente, Guillermo Ready, destac\u00f3 que \u201clos humedales en la Regi\u00f3n de Atacama constituyen ecosistemas indispensables por los beneficios o \u2018servicios ecosist\u00e9micos\u2019 que brindan a la humanidad y a la comunidad de estos sectores, desde la provisi\u00f3n de agua dulce, alimentos, conservaci\u00f3n de la biodiversidad, hasta el control de crecidas, recarga de aguas subterr\u00e1neas y mitigaci\u00f3n de los efectos del&nbsp; cambio clim\u00e1tico\u201d.<\/p>\n\n\n\n<p>Por otro lado, el humedal costero de Carrizal Bajo se ubica muy cercano al Parque Nacional Llanos de Challe, distante a 3,5 km, lo que se constituye en una posibilidad de potenciar ambos espacios naturales y complementar acciones de conservaci\u00f3n, dado que presentan variadas especies de flora y fauna en com\u00fan.<\/p>\n\n\n\n<p>La medida ha sido priorizada por la comunidad de Huasco, por tratarse de un ecosistema altamente vulnerable, particularmente frente a factores de amenaza como las pr\u00e1cticas no sustentables y el cambio clim\u00e1tico. Los humedales costeros, se encuentran en una condici\u00f3n cr\u00edtica; hay una disminuci\u00f3n del recurso h\u00eddrico, detect\u00e1ndose p\u00e9rdida o disminuci\u00f3n de la poblaci\u00f3n de especies nativas y de anfibios, por lo que es imprescindible protegerlos.<\/p>\n\n\n\n<p>Finalmente, el Seremi del Medio Ambiente, Guillermo Ready, indico que \u201cse busca dar protecci\u00f3n oficial otros tres humedales costeros a saber: Humedal estuario r\u00edo Huasco, Humedal costero de Totoral y Humedal desembocadura del r\u00edo Copiap\u00f3, con el fin de transformar en \u00e1reas protegidas estos importantes ecosistemas costeros\u201d.<\/p>\n","protected":false},"excerpt":{"rendered":"<p>Publicaci\u00f3n en el Diario Oficial se sustenta en la decisi\u00f3n tomada el a\u00f1o pasado por el Consejo de Ministros para la Sustentabilidad y que permitir\u00e1&hellip; <\/p>\n","protected":false},"author":2,"featured_media":28502,"comment_status":"open","ping_status":"closed","sticky":false,"template":"","format":"standard","meta":{"footnotes":""},"categories":[9,3,4,1],"tags":[],"class_list":["post-28501","post","type-post","status-publish","format-standard","has-post-thumbnail","hentry","category-cultura","category-freirina","category-huasco","category-provincia-del-huasco-2"],"_links":{"self":[{"href":"https:\/\/www.radioamigavallenar.cl\/index.php?rest_route=\/wp\/v2\/posts\/28501","targetHints":{"allow":["GET"]}}],"collection":[{"href":"https:\/\/www.radioamigavallenar.cl\/index.php?rest_route=\/wp\/v2\/posts"}],"about":[{"href":"https:\/\/www.radioamigavallenar.cl\/index.php?rest_route=\/wp\/v2\/types\/post"}],"author":[{"embeddable":true,"href":"https:\/\/www.radioamigavallenar.cl\/index.php?rest_route=\/wp\/v2\/users\/2"}],"replies":[{"embeddable":true,"href":"https:\/\/www.radioamigavallenar.cl\/index.php?rest_route=%2Fwp%2Fv2%2Fcomments&post=28501"}],"version-history":[{"count":0,"href":"https:\/\/www.radioamigavallenar.cl\/index.php?rest_route=\/wp\/v2\/posts\/28501\/revisions"}],"wp:featuredmedia":[{"embeddable":true,"href":"https:\/\/www.radioamigavallenar.cl\/index.php?rest_route=\/wp\/v2\/media\/28502"}],"wp:attachment":[{"href":"https:\/\/www.radioamigavallenar.cl\/index.php?rest_route=%2Fwp%2Fv2%2Fmedia&parent=28501"}],"wp:term":[{"taxonomy":"category","embeddable":true,"href":"https:\/\/www.radioamigavallenar.cl\/index.php?rest_route=%2Fwp%2Fv2%2Fcategories&post=28501"},{"taxonomy":"post_tag","embeddable":true,"href":"https:\/\/www.radioamigavallenar.cl\/index.php?rest_route=%2Fwp%2Fv2%2Ftags&post=28501"}],"curies":[{"name":"wp","href":"https:\/\/api.w.org\/{rel}","templated":true}]}}