{"id":27928,"date":"2020-08-14T07:10:04","date_gmt":"2020-08-14T11:10:04","guid":{"rendered":"https:\/\/www.radioamigavallenar.cl\/?p=27928"},"modified":"2020-08-14T07:10:06","modified_gmt":"2020-08-14T11:10:06","slug":"intendente-urquieta-se-reune-con-presidente-del-cde-sobre-continuidad-de-rajo-inca","status":"publish","type":"post","link":"https:\/\/www.radioamigavallenar.cl\/?p=27928","title":{"rendered":"Intendente Urquieta se re\u00fane con presidente del CDE sobre continuidad de Rajo Inca"},"content":{"rendered":"\n<div class=\"wp-block-image\"><figure class=\"aligncenter size-large\"><img loading=\"lazy\" decoding=\"async\" width=\"1024\" height=\"681\" src=\"https:\/\/www.radioamigavallenar.cl\/wp-content\/uploads\/2020\/08\/Imagen-de-archivo-1024x681.jpeg\" alt=\"\" class=\"wp-image-27929\" srcset=\"https:\/\/www.radioamigavallenar.cl\/wp-content\/uploads\/2020\/08\/Imagen-de-archivo-1024x681.jpeg 1024w, https:\/\/www.radioamigavallenar.cl\/wp-content\/uploads\/2020\/08\/Imagen-de-archivo-300x199.jpeg 300w, https:\/\/www.radioamigavallenar.cl\/wp-content\/uploads\/2020\/08\/Imagen-de-archivo-768x511.jpeg 768w, https:\/\/www.radioamigavallenar.cl\/wp-content\/uploads\/2020\/08\/Imagen-de-archivo.jpeg 1080w\" sizes=\"auto, (max-width: 1024px) 100vw, 1024px\" \/><\/figure><\/div>\n\n\n\n<p>El Intendente de la Regi\u00f3n de Atacama, Patricio Urquieta, se reuni\u00f3 con el presidente del Consejo de Defensa del Estado (CDE), Juan Antonio Peribonio, para abordar la preocupaci\u00f3n que existe por parte del Gobierno y de la comunidad ante la demanda presentada por la instituci\u00f3n en contra de Codelco Divisi\u00f3n Salvador debido a la extracci\u00f3n del recurso h\u00eddrico existente en el salar de Pedernales, y que pone en riesgo el proyecto Rajo Inca.<\/p>\n\n\n\n<p>El Intendente Urquieta manifest\u00f3 que \u201ctuvimos una importante reuni\u00f3n junto al presidente del Consejo de Defensa del Estado al que le planteamos la inquietud que tienen los trabajadores de la Divisi\u00f3n El Salvador frente a esta posibilidad de que no se concrete el proyecto de continuidad operacional de esa divisi\u00f3n, finalmente porque tanto los emprendedores y toda la Regi\u00f3n de Atacama est\u00e1 preocupada por la importancia que tiene este proyecto para el dinamismo econ\u00f3mico en nuestra regi\u00f3n, y naturalmente que la intenci\u00f3n que tenemos nosotros es que cosas que se hagan miner\u00eda y en todo tipo de inversiones se hagan respetando la ley, cumpliendo con todas las reglas del juego, y desde luego, protegiendo el medio ambiente\u201d.<\/p>\n\n\n\n<p>En este mismo sentido, la primera autoridad regional se\u00f1al\u00f3 que \u201cqueremos agradecer la disposici\u00f3n que ha tenido el presidente del Consejo de Defensa del Estado para poder acercar posiciones y manifestar su voluntad para sacar adelante un acuerdo junto con Codelco que permita darle viabilidad a ese proyecto de continuidad operacional que va a permitir proteger el empleo y sobre todo, crear m\u00e1s empleo para la Regi\u00f3n de Atacama\u201d.<\/p>\n\n\n\n<p>Cabe destacar adem\u00e1s que para manifestar su preocupaci\u00f3n por este proyecto, el Intendente Urquieta ha sostenido diversas reuniones con el Ministro de Miner\u00eda, Baldo Prokurica, la Coordinadora por la defensa del empleo en Atacama, sindicatos de la Divisi\u00f3n El Salvador y Codelco.<\/p>\n","protected":false},"excerpt":{"rendered":"<p>El Intendente de la Regi\u00f3n de Atacama, Patricio Urquieta, se reuni\u00f3 con el presidente del Consejo de Defensa del Estado (CDE), Juan Antonio Peribonio, para&hellip; <\/p>\n","protected":false},"author":2,"featured_media":27929,"comment_status":"open","ping_status":"closed","sticky":false,"template":"","format":"standard","meta":{"footnotes":""},"categories":[7,34],"tags":[],"class_list":["post-27928","post","type-post","status-publish","format-standard","has-post-thumbnail","hentry","category-atacama","category-mineria"],"_links":{"self":[{"href":"https:\/\/www.radioamigavallenar.cl\/index.php?rest_route=\/wp\/v2\/posts\/27928","targetHints":{"allow":["GET"]}}],"collection":[{"href":"https:\/\/www.radioamigavallenar.cl\/index.php?rest_route=\/wp\/v2\/posts"}],"about":[{"href":"https:\/\/www.radioamigavallenar.cl\/index.php?rest_route=\/wp\/v2\/types\/post"}],"author":[{"embeddable":true,"href":"https:\/\/www.radioamigavallenar.cl\/index.php?rest_route=\/wp\/v2\/users\/2"}],"replies":[{"embeddable":true,"href":"https:\/\/www.radioamigavallenar.cl\/index.php?rest_route=%2Fwp%2Fv2%2Fcomments&post=27928"}],"version-history":[{"count":0,"href":"https:\/\/www.radioamigavallenar.cl\/index.php?rest_route=\/wp\/v2\/posts\/27928\/revisions"}],"wp:featuredmedia":[{"embeddable":true,"href":"https:\/\/www.radioamigavallenar.cl\/index.php?rest_route=\/wp\/v2\/media\/27929"}],"wp:attachment":[{"href":"https:\/\/www.radioamigavallenar.cl\/index.php?rest_route=%2Fwp%2Fv2%2Fmedia&parent=27928"}],"wp:term":[{"taxonomy":"category","embeddable":true,"href":"https:\/\/www.radioamigavallenar.cl\/index.php?rest_route=%2Fwp%2Fv2%2Fcategories&post=27928"},{"taxonomy":"post_tag","embeddable":true,"href":"https:\/\/www.radioamigavallenar.cl\/index.php?rest_route=%2Fwp%2Fv2%2Ftags&post=27928"}],"curies":[{"name":"wp","href":"https:\/\/api.w.org\/{rel}","templated":true}]}}