{"id":27925,"date":"2020-08-14T07:08:40","date_gmt":"2020-08-14T11:08:40","guid":{"rendered":"https:\/\/www.radioamigavallenar.cl\/?p=27925"},"modified":"2020-08-14T07:08:41","modified_gmt":"2020-08-14T11:08:41","slug":"minera-candelaria-entrega-cuatro-ventiladores-mecanicos-para-fortalecer-la-red-de-salud-de-atacama","status":"publish","type":"post","link":"https:\/\/www.radioamigavallenar.cl\/?p=27925","title":{"rendered":"Minera Candelaria Entrega cuatro ventiladores mec\u00e1nicos para fortalecer la Red de Salud de Atacama"},"content":{"rendered":"\n<div class=\"wp-block-image\"><figure class=\"aligncenter size-large\"><img loading=\"lazy\" decoding=\"async\" width=\"1024\" height=\"615\" src=\"https:\/\/www.radioamigavallenar.cl\/wp-content\/uploads\/2020\/08\/Ventiladores-Candelaria-SSA-1024x615.jpg\" alt=\"\" class=\"wp-image-27926\" srcset=\"https:\/\/www.radioamigavallenar.cl\/wp-content\/uploads\/2020\/08\/Ventiladores-Candelaria-SSA-1024x615.jpg 1024w, https:\/\/www.radioamigavallenar.cl\/wp-content\/uploads\/2020\/08\/Ventiladores-Candelaria-SSA-300x180.jpg 300w, https:\/\/www.radioamigavallenar.cl\/wp-content\/uploads\/2020\/08\/Ventiladores-Candelaria-SSA-768x461.jpg 768w, https:\/\/www.radioamigavallenar.cl\/wp-content\/uploads\/2020\/08\/Ventiladores-Candelaria-SSA.jpg 1200w\" sizes=\"auto, (max-width: 1024px) 100vw, 1024px\" \/><\/figure><\/div>\n\n\n\n<p><strong>Minera Candelaria en alianza con el Consejo Minero de Chile<\/strong><\/p>\n\n\n\n<p>Cuatro ventiladores mec\u00e1nicos provistos por el Consejo Minero de Chile y adquiridos a trav\u00e9s de Minera Candelaria, fueron entregados al Servicio de Salud de Atacama para fortalecer la red de salud de la regi\u00f3n, en el contexto de la pandemia de COVID-19.<\/p>\n\n\n\n<p>Los equipos m\u00e9dicos donados al Hospital Regional de Copiap\u00f3, fueron financiados por Minera Candelaria en el marco de su compromiso de contribuir al esfuerzo com\u00fan del pa\u00eds para contener el coronavirus y forman parte de los 117 ventiladores que articul\u00f3 el Consejo Minero en colaboraci\u00f3n con la Confederaci\u00f3n de la Producci\u00f3n y el Comercio (CPC).<\/p>\n\n\n\n<p>Claudio Baeza, director del Servicio de Salud Atacama expres\u00f3 que \u201cnuevamente agradecemos a Minera Candelaria por la entrega de estos importantes recursos que permiten continuar brindando una atenci\u00f3n oportuna a nuestra comunidad. Estamos recibiendo una serie de equipamiento de alta complejidad que viene a ser muy importante para nuestra Red Asistencial. Estamos muy agradecidos, porque estos equipos han llegado en el momento oportuno en el contexto de la pandemia. Asimismo, no debemos olvidar la importancia del autocuidado y el cumplimiento de las medidas de prevenci\u00f3n que todos debemos realizar d\u00eda a d\u00eda\u201d.<\/p>\n\n\n\n<p>En tanto, Karina Bri\u00f1o, gerente general de Administraci\u00f3n de Candelaria, indic\u00f3 que \u201cesto es parte del compromiso de la industria minera con nuestro pa\u00eds y de Minera Candelaria en particular con nuestra regi\u00f3n de Atacama. Superar esta pandemia es tarea de todos y este es un ejemplo m\u00e1s, que el trabajo colaborativo p\u00fablico-privado es una gran herramienta para hacer frente al COVID-19\u201d.<\/p>\n","protected":false},"excerpt":{"rendered":"<p>Minera Candelaria en alianza con el Consejo Minero de Chile Cuatro ventiladores mec\u00e1nicos provistos por el Consejo Minero de Chile y adquiridos a trav\u00e9s de&hellip; <\/p>\n","protected":false},"author":2,"featured_media":27926,"comment_status":"open","ping_status":"closed","sticky":false,"template":"","format":"standard","meta":{"footnotes":""},"categories":[7],"tags":[],"class_list":["post-27925","post","type-post","status-publish","format-standard","has-post-thumbnail","hentry","category-atacama"],"_links":{"self":[{"href":"https:\/\/www.radioamigavallenar.cl\/index.php?rest_route=\/wp\/v2\/posts\/27925","targetHints":{"allow":["GET"]}}],"collection":[{"href":"https:\/\/www.radioamigavallenar.cl\/index.php?rest_route=\/wp\/v2\/posts"}],"about":[{"href":"https:\/\/www.radioamigavallenar.cl\/index.php?rest_route=\/wp\/v2\/types\/post"}],"author":[{"embeddable":true,"href":"https:\/\/www.radioamigavallenar.cl\/index.php?rest_route=\/wp\/v2\/users\/2"}],"replies":[{"embeddable":true,"href":"https:\/\/www.radioamigavallenar.cl\/index.php?rest_route=%2Fwp%2Fv2%2Fcomments&post=27925"}],"version-history":[{"count":0,"href":"https:\/\/www.radioamigavallenar.cl\/index.php?rest_route=\/wp\/v2\/posts\/27925\/revisions"}],"wp:featuredmedia":[{"embeddable":true,"href":"https:\/\/www.radioamigavallenar.cl\/index.php?rest_route=\/wp\/v2\/media\/27926"}],"wp:attachment":[{"href":"https:\/\/www.radioamigavallenar.cl\/index.php?rest_route=%2Fwp%2Fv2%2Fmedia&parent=27925"}],"wp:term":[{"taxonomy":"category","embeddable":true,"href":"https:\/\/www.radioamigavallenar.cl\/index.php?rest_route=%2Fwp%2Fv2%2Fcategories&post=27925"},{"taxonomy":"post_tag","embeddable":true,"href":"https:\/\/www.radioamigavallenar.cl\/index.php?rest_route=%2Fwp%2Fv2%2Ftags&post=27925"}],"curies":[{"name":"wp","href":"https:\/\/api.w.org\/{rel}","templated":true}]}}