{"id":27916,"date":"2020-08-13T12:51:43","date_gmt":"2020-08-13T16:51:43","guid":{"rendered":"https:\/\/www.radioamigavallenar.cl\/?p=27916"},"modified":"2020-08-13T12:52:19","modified_gmt":"2020-08-13T16:52:19","slug":"casi-un-40-de-postulaciones-se-registraron-en-primeros-dos-dias-de-proceso-del-sistema-de-admision-escolar","status":"publish","type":"post","link":"https:\/\/www.radioamigavallenar.cl\/?p=27916","title":{"rendered":"Casi un 40% de postulaciones se registraron en primeros dos d\u00edas de proceso del Sistema de Admisi\u00f3n Escolar"},"content":{"rendered":"\n<div class=\"wp-block-image\"><figure class=\"aligncenter size-large\"><img loading=\"lazy\" decoding=\"async\" width=\"800\" height=\"600\" src=\"https:\/\/www.radioamigavallenar.cl\/wp-content\/uploads\/2020\/08\/WhatsApp-Image-2020-08-12-at-10.00.12-AM-1-e1597273093261.jpeg\" alt=\"\" class=\"wp-image-27917\" srcset=\"https:\/\/www.radioamigavallenar.cl\/wp-content\/uploads\/2020\/08\/WhatsApp-Image-2020-08-12-at-10.00.12-AM-1-e1597273093261.jpeg 800w, https:\/\/www.radioamigavallenar.cl\/wp-content\/uploads\/2020\/08\/WhatsApp-Image-2020-08-12-at-10.00.12-AM-1-e1597273093261-300x225.jpeg 300w, https:\/\/www.radioamigavallenar.cl\/wp-content\/uploads\/2020\/08\/WhatsApp-Image-2020-08-12-at-10.00.12-AM-1-e1597273093261-768x576.jpeg 768w\" sizes=\"auto, (max-width: 800px) 100vw, 800px\" \/><\/figure><\/div>\n\n\n\n<p><strong>Sitio web ya est\u00e1 habilitado para que padres y apoderados se inscriban y realicen el proceso completamente online.<\/strong><\/p>\n\n\n\n<p><strong>En este proceso participan&nbsp;124 establecimientos educacionales de Atacama, los que ya reportaron sus cupos.<\/strong><\/p>\n\n\n\n<p>Casi un 40% de postulaciones online se han registrado en los dos primeros d\u00edas del proceso del Sistema de Admisi\u00f3n Escolar en Atacama, periodo de postulaci\u00f3n, durante el cual los padres y apoderados podr\u00e1n escoger sus establecimientos de preferencia para que sus hijos estudien, que durar\u00e1 hasta el 8 de septiembre, a trav\u00e9s de <a href=\"https:\/\/www.sistemadeadmisionescolar.cl\/\">https:\/\/www.sistemadeadmisionescolar.cl\/<\/a><\/p>\n\n\n\n<p>\u201cEn los dos primeros d\u00edas, se registraron en la plataforma m\u00e1s de 5.100 postulaciones, lo que equivale a casi un 40% de las 12.970 que se esperan para este a\u00f1o, en los 124 establecimientos que participan del proceso en nuestra regi\u00f3n. De ese total, 3.112 corresponden a estudiantes que deben postular porque terminan el ciclo b\u00e1sico y pasan a ense\u00f1anza media. Nuestro llamado es a que los padres y apoderados antes de postular, ingresen a la plataforma y conozcan las ofertas educativas de los establecimientos porque creemos que es muy importante que los apoderados puedan informarse bien antes de tomar la decisi\u00f3n de postulaci\u00f3n, revisando los criterios que consideran importantes para la educaci\u00f3n de sus hijos\u201d, indic\u00f3 la Seremi Silvia \u00c1lvarez Matthews.<\/p>\n\n\n\n<p>Este a\u00f1o, de forma in\u00e9dita, se abri\u00f3 un periodo de registro de dos semanas previo al proceso de postulaci\u00f3n para que las familias se pudiesen informar sobre la oferta de colegios en sus comunas y, a la vez, familiarizarse con la plataforma en\u00a0<a href=\"https:\/\/www.sistemadeadmisionescolar.cl\/\">https:\/\/www.sistemadeadmisionescolar.cl\/<\/a>. <\/p>\n\n\n\n<p>A la fecha, el sitio ya cuenta a nivel nacional con 41.745 personas registradas y 18.284 actualizaciones de usuario, con un total de 60.029 interacciones. Este a\u00f1o, y a ra\u00edz de la pandemia por COVID-19, el sistema permite\u00a0a los extranjeros sin RUN nacional la solicitud de IPE o IPA de forma digital, con el objetivo de facilitar el proceso y contribuir a que menos personas tengan que asistir de forma presencial.<\/p>\n\n\n\n<p class=\"has-text-align-center\"><strong>Adicionalmente, se cre\u00f3 un nuevo sitio web\u00a0<\/strong><\/p>\n\n\n\n<p class=\"has-text-align-center\"><a href=\"https:\/\/tuinformacion.mineduc.cl\/\">https:\/\/tuinformacion.mineduc.cl\/<\/a>\u00a0<\/p>\n\n\n\n<p>para que las familias cuenten con m\u00e1s informaci\u00f3n para realizar sus postulaciones. <\/p>\n\n\n\n<p>Aqu\u00ed pueden encontrar informaci\u00f3n detallada y comparada sobre los establecimientos cercanos a sus casas, lugares de trabajo, ofertas acad\u00e9micas y recibir una cartilla con informaci\u00f3n detallada de c\u00f3mo funciona el proceso.<\/p>\n\n\n\n<p>Pese a que el proceso se puede realizar 100% online, habr\u00e1 m\u00e1s de 2 mil puntos de apoyo a la postulaci\u00f3n en todo el pa\u00eds para quienes no puedan realizarlo en sus casas o necesiten ayuda adicional, los que contar\u00e1n con resguardos sanitarios. Para hacer este tr\u00e1mite en comunas con cuarentena, hay un permiso especial en\u00a0<a href=\"http:\/\/www.comisariavirtual.cl\/\">www.comisariavirtual.cl<\/a>. <\/p>\n\n\n\n<p>Adem\u00e1s, las familias que tengan escaso o nulo acceso a internet y no tengan un punto de apoyo a la postulaci\u00f3n cercano, pueden postular por tel\u00e9fono a trav\u00e9s de Ayuda Mineduc, llamando al 600 600 2626.<\/p>\n","protected":false},"excerpt":{"rendered":"<p>Sitio web ya est\u00e1 habilitado para que padres y apoderados se inscriban y realicen el proceso completamente online. En este proceso participan&nbsp;124 establecimientos educacionales de&hellip; <\/p>\n","protected":false},"author":2,"featured_media":27917,"comment_status":"open","ping_status":"closed","sticky":false,"template":"","format":"standard","meta":{"footnotes":""},"categories":[7],"tags":[],"class_list":["post-27916","post","type-post","status-publish","format-standard","has-post-thumbnail","hentry","category-atacama"],"_links":{"self":[{"href":"https:\/\/www.radioamigavallenar.cl\/index.php?rest_route=\/wp\/v2\/posts\/27916","targetHints":{"allow":["GET"]}}],"collection":[{"href":"https:\/\/www.radioamigavallenar.cl\/index.php?rest_route=\/wp\/v2\/posts"}],"about":[{"href":"https:\/\/www.radioamigavallenar.cl\/index.php?rest_route=\/wp\/v2\/types\/post"}],"author":[{"embeddable":true,"href":"https:\/\/www.radioamigavallenar.cl\/index.php?rest_route=\/wp\/v2\/users\/2"}],"replies":[{"embeddable":true,"href":"https:\/\/www.radioamigavallenar.cl\/index.php?rest_route=%2Fwp%2Fv2%2Fcomments&post=27916"}],"version-history":[{"count":0,"href":"https:\/\/www.radioamigavallenar.cl\/index.php?rest_route=\/wp\/v2\/posts\/27916\/revisions"}],"wp:featuredmedia":[{"embeddable":true,"href":"https:\/\/www.radioamigavallenar.cl\/index.php?rest_route=\/wp\/v2\/media\/27917"}],"wp:attachment":[{"href":"https:\/\/www.radioamigavallenar.cl\/index.php?rest_route=%2Fwp%2Fv2%2Fmedia&parent=27916"}],"wp:term":[{"taxonomy":"category","embeddable":true,"href":"https:\/\/www.radioamigavallenar.cl\/index.php?rest_route=%2Fwp%2Fv2%2Fcategories&post=27916"},{"taxonomy":"post_tag","embeddable":true,"href":"https:\/\/www.radioamigavallenar.cl\/index.php?rest_route=%2Fwp%2Fv2%2Ftags&post=27916"}],"curies":[{"name":"wp","href":"https:\/\/api.w.org\/{rel}","templated":true}]}}