{"id":27790,"date":"2020-08-11T11:53:53","date_gmt":"2020-08-11T15:53:53","guid":{"rendered":"https:\/\/www.radioamigavallenar.cl\/?p=27790"},"modified":"2020-08-11T11:53:54","modified_gmt":"2020-08-11T15:53:54","slug":"minera-barrick-supera-estimaciones-de-ganancias-por-alza-de-precios-del-oro","status":"publish","type":"post","link":"https:\/\/www.radioamigavallenar.cl\/?p=27790","title":{"rendered":"Minera Barrick supera estimaciones de ganancias por alza de precios del oro"},"content":{"rendered":"\n<div class=\"wp-block-image\"><figure class=\"aligncenter size-large\"><img loading=\"lazy\" decoding=\"async\" width=\"686\" height=\"540\" src=\"https:\/\/www.radioamigavallenar.cl\/wp-content\/uploads\/2020\/08\/Veladero_oro.jpg\" alt=\"\" class=\"wp-image-27791\" srcset=\"https:\/\/www.radioamigavallenar.cl\/wp-content\/uploads\/2020\/08\/Veladero_oro.jpg 686w, https:\/\/www.radioamigavallenar.cl\/wp-content\/uploads\/2020\/08\/Veladero_oro-300x236.jpg 300w\" sizes=\"auto, (max-width: 686px) 100vw, 686px\" \/><\/figure><\/div>\n\n\n\n<p>Barrick, que tiene un objetivo de producci\u00f3n aur\u00edfera anual de entre 4,6 y 5 millones de onzas, indic\u00f3 que la expansi\u00f3n de Pueblo Viejo, un emprendimiento conjunto con Newmont, y el desarrollo de una mina subterr\u00e1nea en Goldrush, Nevada, siguen en marcha pese al impacto de la pandemia.<\/p>\n\n\n\n<p>La minera Barrick Gold mejor\u00f3 las estimaciones de ganancias trimestrales el lunes, benefici\u00e1ndose de un aumento de la demanda de oro por la incertidumbre econ\u00f3mica, al tiempo que dijo que sus proyectos clave siguen en marcha pese a los desaf\u00edos presentados por la pandemia.<\/p>\n\n\n\n<p>Los precios del oro se han disparado este a\u00f1o, ya que su tradicional atractivo para los hogares y los inversores financieros en tiempos de estr\u00e9s econ\u00f3mico se ha visto complementado por el impacto del flujo de capital inyectado a trav\u00e9s del sistema financiero mundial por los bancos centrales.<\/p>\n\n\n\n<p>Barrick, que tiene un objetivo de producci\u00f3n aur\u00edfera anual de entre 4,6 y 5 millones de onzas, indic\u00f3 que la expansi\u00f3n de Pueblo Viejo, un emprendimiento conjunto con Newmont, y el desarrollo de una mina subterr\u00e1nea en Goldrush, Nevada, siguen en marcha pese al impacto de la pandemia.<\/p>\n\n\n\n<p>\u201cLa \u00fanica excepci\u00f3n es Veladero, donde los proyectos para la pila de lixiviaci\u00f3n y la l\u00ednea el\u00e9ctrica transfronteriza chilena se vieron impactados por las restricciones de cuarentena del gobierno argentino por la pandemia\u201d, dijo Mark Bristow, presidente ejecutivo de Barrick.<\/p>\n\n\n\n<p>La firma elev\u00f3 su dividendo trimestral en un 14%, a 8 centavos por acci\u00f3n. La corredora Scotiabank indic\u00f3 que el aumento \u201cno fue una sorpresa\u201d, aunque lleg\u00f3 algo antes de lo esperado.<\/p>\n\n\n\n<p>La producci\u00f3n de oro, como fue advertido por la compa\u00f1\u00eda con anterioridad, cay\u00f3 un 15% por el impacto del coronavirus en su mina argentina de Veladero y una disputa por su explotaci\u00f3n Porgera en Pap\u00faa Nueva Guinea.<\/p>\n","protected":false},"excerpt":{"rendered":"<p>Barrick, que tiene un objetivo de producci\u00f3n aur\u00edfera anual de entre 4,6 y 5 millones de onzas, indic\u00f3 que la expansi\u00f3n de Pueblo Viejo, un&hellip; <\/p>\n","protected":false},"author":2,"featured_media":27791,"comment_status":"open","ping_status":"closed","sticky":false,"template":"","format":"standard","meta":{"footnotes":""},"categories":[7,34],"tags":[],"class_list":["post-27790","post","type-post","status-publish","format-standard","has-post-thumbnail","hentry","category-atacama","category-mineria"],"_links":{"self":[{"href":"https:\/\/www.radioamigavallenar.cl\/index.php?rest_route=\/wp\/v2\/posts\/27790","targetHints":{"allow":["GET"]}}],"collection":[{"href":"https:\/\/www.radioamigavallenar.cl\/index.php?rest_route=\/wp\/v2\/posts"}],"about":[{"href":"https:\/\/www.radioamigavallenar.cl\/index.php?rest_route=\/wp\/v2\/types\/post"}],"author":[{"embeddable":true,"href":"https:\/\/www.radioamigavallenar.cl\/index.php?rest_route=\/wp\/v2\/users\/2"}],"replies":[{"embeddable":true,"href":"https:\/\/www.radioamigavallenar.cl\/index.php?rest_route=%2Fwp%2Fv2%2Fcomments&post=27790"}],"version-history":[{"count":0,"href":"https:\/\/www.radioamigavallenar.cl\/index.php?rest_route=\/wp\/v2\/posts\/27790\/revisions"}],"wp:featuredmedia":[{"embeddable":true,"href":"https:\/\/www.radioamigavallenar.cl\/index.php?rest_route=\/wp\/v2\/media\/27791"}],"wp:attachment":[{"href":"https:\/\/www.radioamigavallenar.cl\/index.php?rest_route=%2Fwp%2Fv2%2Fmedia&parent=27790"}],"wp:term":[{"taxonomy":"category","embeddable":true,"href":"https:\/\/www.radioamigavallenar.cl\/index.php?rest_route=%2Fwp%2Fv2%2Fcategories&post=27790"},{"taxonomy":"post_tag","embeddable":true,"href":"https:\/\/www.radioamigavallenar.cl\/index.php?rest_route=%2Fwp%2Fv2%2Ftags&post=27790"}],"curies":[{"name":"wp","href":"https:\/\/api.w.org\/{rel}","templated":true}]}}